{"id":17832,"date":"2017-08-10T14:31:17","date_gmt":"2017-08-10T14:31:17","guid":{"rendered":"http:\/\/www.federacaopaulistadefutsal.com.br\/?p=17832"},"modified":"2017-08-10T14:31:17","modified_gmt":"2017-08-10T14:31:17","slug":"intelli-e-corinthians-se-enfrentam-pelo-jogo-de-ida-das-quartas-de-final-da-liga-paulista","status":"publish","type":"post","link":"https:\/\/www.federacaopaulistadefutsal.com.br\/novo\/intelli-e-corinthians-se-enfrentam-pelo-jogo-de-ida-das-quartas-de-final-da-liga-paulista\/","title":{"rendered":"Intelli e Corinthians se enfrentam pelo jogo de ida das quartas de final da Liga Paulista"},"content":{"rendered":"<p>Nesta quinta-feira (10), o Corinthians tem seu primeiro desafio nos playoffs da Liga Paulista de Futsal. Na Arena Ol\u00edmpica Jo\u00e3o Mambrini, em S\u00e3o Sebasti\u00e3o do Para\u00edso-MG, o time alvinegro enfrenta a ADC Intelli, \u00e0s 20h15, pelo primeiro jogo das quartas de final.<br \/>\nCom 31 pontos, a equipe comandada pelo treinador Andr\u00e9 Bi\u00e9 se classificou em primeiro no Grupo B. J\u00e1 a Intelli se classificou para os playoffs na quarta coloca\u00e7\u00e3o do Grupo A, com 15 pontos. Vale lembrar que diferente do time da capital paulista, que garantiu sua vaga faltando poucas rodadas para o t\u00e9rmino da primeira fase, a equipe Gren\u00e1 se garantiu para os playoffs apenas na \u00faltima rodada, quando venceu o Indaiatuba por 6 a 1.<br \/>\nNo retrospecto do confronto entre as duas equipes na atual temporada, ambas se enfrentaram apenas pela Liga Nacional de Futsal, onde a partida terminou empatada em 1 a 1.<br \/>\nPor ter feito melhor campanha que o seu advers\u00e1rio, o Corinthians ter\u00e1 o direito de decidir o segundo e decisivo jogo em seus dom\u00ednios, na capital paulista, na pr\u00f3xima segunda-feira (14).<br \/>\n<figure id=\"attachment_17544\" aria-describedby=\"caption-attachment-17544\" style=\"width: 762px\" class=\"wp-caption aligncenter\"><a href=\"http:\/\/www.federacaopaulistadefutsal.com.br\/wp-content\/uploads\/2017\/07\/tToYXHwEpVacXcAp_news_id_63660_large-1-1.jpg\"><img fetchpriority=\"high\" decoding=\"async\" class=\"size-full wp-image-17544\" src=\"http:\/\/www.federacaopaulistadefutsal.com.br\/wp-content\/uploads\/2017\/07\/tToYXHwEpVacXcAp_news_id_63660_large-1-1.jpg\" alt=\"\" width=\"762\" height=\"430\" \/><\/a><figcaption id=\"caption-attachment-17544\" class=\"wp-caption-text\">Foto: Yuri Gomes<\/figcaption><\/figure><\/p>\n","protected":false},"excerpt":{"rendered":"<p>Nesta quinta-feira (10), o Corinthians tem seu primeiro desafio nos playoffs da Liga Paulista de Futsal. Na Arena Ol\u00edmpica Jo\u00e3o<\/p>\n","protected":false},"author":1,"featured_media":17748,"comment_status":"closed","ping_status":"open","sticky":false,"template":"","format":"standard","meta":{"footnotes":""},"categories":[25,31],"tags":[171,42,1556,2013,2151],"class_list":["post-17832","post","type-post","status-publish","format-standard","has-post-thumbnail","hentry","category-destaques","category-liga-paulista-de-futsal","tag-adc-intelli","tag-fpfs","tag-lpf","tag-quartas-de-final","tag-s-c-corinthians"],"_links":{"self":[{"href":"https:\/\/www.federacaopaulistadefutsal.com.br\/novo\/wp-json\/wp\/v2\/posts\/17832","targetHints":{"allow":["GET"]}}],"collection":[{"href":"https:\/\/www.federacaopaulistadefutsal.com.br\/novo\/wp-json\/wp\/v2\/posts"}],"about":[{"href":"https:\/\/www.federacaopaulistadefutsal.com.br\/novo\/wp-json\/wp\/v2\/types\/post"}],"author":[{"embeddable":true,"href":"https:\/\/www.federacaopaulistadefutsal.com.br\/novo\/wp-json\/wp\/v2\/users\/1"}],"replies":[{"embeddable":true,"href":"https:\/\/www.federacaopaulistadefutsal.com.br\/novo\/wp-json\/wp\/v2\/comments?post=17832"}],"version-history":[{"count":0,"href":"https:\/\/www.federacaopaulistadefutsal.com.br\/novo\/wp-json\/wp\/v2\/posts\/17832\/revisions"}],"wp:featuredmedia":[{"embeddable":true,"href":"https:\/\/www.federacaopaulistadefutsal.com.br\/novo\/wp-json\/"}],"wp:attachment":[{"href":"https:\/\/www.federacaopaulistadefutsal.com.br\/novo\/wp-json\/wp\/v2\/media?parent=17832"}],"wp:term":[{"taxonomy":"category","embeddable":true,"href":"https:\/\/www.federacaopaulistadefutsal.com.br\/novo\/wp-json\/wp\/v2\/categories?post=17832"},{"taxonomy":"post_tag","embeddable":true,"href":"https:\/\/www.federacaopaulistadefutsal.com.br\/novo\/wp-json\/wp\/v2\/tags?post=17832"}],"curies":[{"name":"wp","href":"https:\/\/api.w.org\/{rel}","templated":true}]}}