{"id":17837,"date":"2017-08-10T11:30:39","date_gmt":"2017-08-10T11:30:39","guid":{"rendered":"http:\/\/www.federacaopaulistadefutsal.com.br\/?p=17837"},"modified":"2017-08-10T11:30:39","modified_gmt":"2017-08-10T11:30:39","slug":"metropolitano-serie-unica-c-a-guarulhense-inicia-segundo-semestre-diante-do-corinthians-pelas-quarta-de-final-da-competicao","status":"publish","type":"post","link":"https:\/\/www.federacaopaulistadefutsal.com.br\/novo\/metropolitano-serie-unica-c-a-guarulhense-inicia-segundo-semestre-diante-do-corinthians-pelas-quarta-de-final-da-competicao\/","title":{"rendered":"Metropolitano S\u00e9rie \u00danica: C.A. Guarulhense inicia segundo semestre diante do Corinthians, pelas quarta de final da competi\u00e7\u00e3o"},"content":{"rendered":"<p>O Clube Atl\u00e9tico Guarulhense volta \u00e0 quadra neste s\u00e1bado (12), \u00e0 partir das 9h, pelas quartas de ginal do Campeonato Metropolitano contra o Corinthians, nas categorias sub-8, sub-9 e sub-10, fazendo a primeira partida da fase eliminat\u00f3ria no Gin\u00e1sio CEU Cumbica.<br \/>\nNo \u00faltimo final de semana, as tr\u00eas categorias realizaram um amistoso de prepara\u00e7\u00e3o contra o Ypiranga, na casa do advers\u00e1rio. O time sub-8 conquistou avit\u00f3ria sobre os advers\u00e1rios por 4 a 3; a equipe sub-9 sofreu um rev\u00e9s por 4 a 1 e o sub-10 s\u00f3 foi derrotado nos segundos finais, por 5 a 4.<br \/>\nNa avalia\u00e7\u00e3o do treinador das tr\u00eas categorias, \u00a0Vitor Ramos, mais do que o resultado, seja ele qual for, o mais importante s\u00e3o os times estarem preparados para o confronto do pr\u00f3ximo final de semana.<br \/>\n\u201cO mais importante dos amistosos \u00e9 o desempenho dos garotos nos jogos, n\u00e3o focamos nos resultados. Todos os nossos atletas participam dos jogos e foi um amistoso de grande n\u00edvel, o Ipiranga, no sub-10, \u00e9 um time que ficou na segunda posi\u00e7\u00e3o na classifica\u00e7\u00e3o geral, foi um jogo muito importante para a nossa prepara\u00e7\u00e3o\u201d, finaliza o professor Vitor Ramos.<br \/>\n<em>Informa\u00e7\u00f5es:\u00a0Deyvid Xavier<\/em><br \/>\n<em>Foto:\u00a0Lucas Canosa<\/em><\/p>\n","protected":false},"excerpt":{"rendered":"<p>O Clube Atl\u00e9tico Guarulhense volta \u00e0 quadra neste s\u00e1bado (12), \u00e0 partir das 9h, pelas quartas de ginal do Campeonato<\/p>\n","protected":false},"author":1,"featured_media":17839,"comment_status":"closed","ping_status":"open","sticky":false,"template":"","format":"standard","meta":{"footnotes":""},"categories":[25,33,34],"tags":[437,485,42,2013,2337,2343,2344],"class_list":["post-17837","post","type-post","status-publish","format-standard","has-post-thumbnail","hentry","category-destaques","category-menores","category-metropolitano-serie-unica","tag-c-a-guarulhense","tag-campeonato-metropolitano-serie-unica","tag-fpfs","tag-quartas-de-final","tag-sub-10","tag-sub-8","tag-sub-9"],"_links":{"self":[{"href":"https:\/\/www.federacaopaulistadefutsal.com.br\/novo\/wp-json\/wp\/v2\/posts\/17837","targetHints":{"allow":["GET"]}}],"collection":[{"href":"https:\/\/www.federacaopaulistadefutsal.com.br\/novo\/wp-json\/wp\/v2\/posts"}],"about":[{"href":"https:\/\/www.federacaopaulistadefutsal.com.br\/novo\/wp-json\/wp\/v2\/types\/post"}],"author":[{"embeddable":true,"href":"https:\/\/www.federacaopaulistadefutsal.com.br\/novo\/wp-json\/wp\/v2\/users\/1"}],"replies":[{"embeddable":true,"href":"https:\/\/www.federacaopaulistadefutsal.com.br\/novo\/wp-json\/wp\/v2\/comments?post=17837"}],"version-history":[{"count":0,"href":"https:\/\/www.federacaopaulistadefutsal.com.br\/novo\/wp-json\/wp\/v2\/posts\/17837\/revisions"}],"wp:featuredmedia":[{"embeddable":true,"href":"https:\/\/www.federacaopaulistadefutsal.com.br\/novo\/wp-json\/"}],"wp:attachment":[{"href":"https:\/\/www.federacaopaulistadefutsal.com.br\/novo\/wp-json\/wp\/v2\/media?parent=17837"}],"wp:term":[{"taxonomy":"category","embeddable":true,"href":"https:\/\/www.federacaopaulistadefutsal.com.br\/novo\/wp-json\/wp\/v2\/categories?post=17837"},{"taxonomy":"post_tag","embeddable":true,"href":"https:\/\/www.federacaopaulistadefutsal.com.br\/novo\/wp-json\/wp\/v2\/tags?post=17837"}],"curies":[{"name":"wp","href":"https:\/\/api.w.org\/{rel}","templated":true}]}}