{"id":17848,"date":"2017-08-10T11:50:55","date_gmt":"2017-08-10T11:50:55","guid":{"rendered":"http:\/\/www.federacaopaulistadefutsal.com.br\/?p=17848"},"modified":"2017-08-10T11:50:55","modified_gmt":"2017-08-10T11:50:55","slug":"menores-audax-sera-o-cabeca-de-chave-do-grupo-b-do-campeonato-estadual-serie-a1","status":"publish","type":"post","link":"https:\/\/www.federacaopaulistadefutsal.com.br\/novo\/menores-audax-sera-o-cabeca-de-chave-do-grupo-b-do-campeonato-estadual-serie-a1\/","title":{"rendered":"Menores: Audax ser\u00e1 o cabe\u00e7a de chave do Grupo B do Campeonato Estadual S\u00e9rie A1 Jos\u00e9 Marcos Barbosa"},"content":{"rendered":"<p>Aconteceu no \u00faltimo m\u00eas de julho, o congresso t\u00e9cnico e sorteios dos grupos do Campeonato Estadual 2017, que se inicia neste final de semana. Com 30 clubes participantes, ficou decidido que a competi\u00e7\u00e3o ter\u00e1 tr\u00eas grupos, com esses 30 sendo divididos em 10 para cada chave. Pelo Grupo B, o cabe\u00e7a de chave ser\u00e1 o Audax.<br \/>\n\u00c9 importante ressaltar que os chaveamentos valem para as categorias sub-12, sub-14, sub-16 e sub-18. Saiba quais s\u00e3o as outras nove equipes participantes.<br \/>\n<a href=\"http:\/\/www.federacaopaulistadefutsal.com.br\/wp-content\/uploads\/2017\/08\/Chave-B-300x169.jpg\"><img fetchpriority=\"high\" decoding=\"async\" class=\"aligncenter wp-image-17849\" src=\"http:\/\/www.federacaopaulistadefutsal.com.br\/wp-content\/uploads\/2017\/08\/Chave-B-300x169.jpg\" alt=\"\" width=\"431\" height=\"243\" \/><\/a><br \/>\n&nbsp;<\/p>\n","protected":false},"excerpt":{"rendered":"<p>Aconteceu no \u00faltimo m\u00eas de julho, o congresso t\u00e9cnico e sorteios dos grupos do Campeonato Estadual 2017, que se inicia<\/p>\n","protected":false},"author":1,"featured_media":17849,"comment_status":"closed","ping_status":"open","sticky":false,"template":"","format":"standard","meta":{"footnotes":""},"categories":[25,8],"tags":[475,546,648,42,2276],"class_list":["post-17848","post","type-post","status-publish","format-standard","has-post-thumbnail","hentry","category-destaques","category-estadual-base-a1","tag-campeonato-estadual","tag-categoria-menores","tag-competicao","tag-fpfs","tag-serie-a1"],"_links":{"self":[{"href":"https:\/\/www.federacaopaulistadefutsal.com.br\/novo\/wp-json\/wp\/v2\/posts\/17848","targetHints":{"allow":["GET"]}}],"collection":[{"href":"https:\/\/www.federacaopaulistadefutsal.com.br\/novo\/wp-json\/wp\/v2\/posts"}],"about":[{"href":"https:\/\/www.federacaopaulistadefutsal.com.br\/novo\/wp-json\/wp\/v2\/types\/post"}],"author":[{"embeddable":true,"href":"https:\/\/www.federacaopaulistadefutsal.com.br\/novo\/wp-json\/wp\/v2\/users\/1"}],"replies":[{"embeddable":true,"href":"https:\/\/www.federacaopaulistadefutsal.com.br\/novo\/wp-json\/wp\/v2\/comments?post=17848"}],"version-history":[{"count":0,"href":"https:\/\/www.federacaopaulistadefutsal.com.br\/novo\/wp-json\/wp\/v2\/posts\/17848\/revisions"}],"wp:featuredmedia":[{"embeddable":true,"href":"https:\/\/www.federacaopaulistadefutsal.com.br\/novo\/wp-json\/"}],"wp:attachment":[{"href":"https:\/\/www.federacaopaulistadefutsal.com.br\/novo\/wp-json\/wp\/v2\/media?parent=17848"}],"wp:term":[{"taxonomy":"category","embeddable":true,"href":"https:\/\/www.federacaopaulistadefutsal.com.br\/novo\/wp-json\/wp\/v2\/categories?post=17848"},{"taxonomy":"post_tag","embeddable":true,"href":"https:\/\/www.federacaopaulistadefutsal.com.br\/novo\/wp-json\/wp\/v2\/tags?post=17848"}],"curies":[{"name":"wp","href":"https:\/\/api.w.org\/{rel}","templated":true}]}}