{"id":18076,"date":"2017-08-22T11:50:52","date_gmt":"2017-08-22T11:50:52","guid":{"rendered":"http:\/\/www.federacaopaulistadefutsal.com.br\/?p=18076"},"modified":"2017-08-22T11:50:52","modified_gmt":"2017-08-22T11:50:52","slug":"com-13-equipes-copa-paulista-comeca-neste-mes-de-setembro","status":"publish","type":"post","link":"https:\/\/www.federacaopaulistadefutsal.com.br\/novo\/com-13-equipes-copa-paulista-comeca-neste-mes-de-setembro\/","title":{"rendered":"Com 13 equipes, Copa Paulista come\u00e7a neste m\u00eas de setembro"},"content":{"rendered":"<p>Aconteceu na tarde desta segunda-feira (21), no audit\u00f3rio da FPFS (Federa\u00e7\u00e3o Paulista de Futsal), o Conselho Arbitral para a Copa Paulista 2017.<br \/>\nDentre os diversos assuntos tratados, ficou estabelecido o uso de cinco profissionais no banco de reservas para cada equipe, o sistema ida e volta para os jogos finais, por\u00e9m, caso haja transmiss\u00e3o ao vivo por alguma emissora de TV, a grande final ser\u00e1 disputada em quadra neutra.<br \/>\nAl\u00e9m disso, foi apresentado mais um parceiro da LPF: A One Sports \u2013 empresa especializada em desenvolvimento de tecnologia esportiva, com sede em Sorocaba (SP).<br \/>\nMauro Sandri, preparador f\u00edsico da Magnus Futsal e usu\u00e1rio deste aplicativo, afirmou que a plataforma oferece dados coletados de acordo com a performance de cada atleta.<br \/>\n<strong>A Copa Paulista:<\/strong><br \/>\nNeste ano, Corinthians, Magnus e Jales n\u00e3o participam da competi\u00e7\u00e3o. AABB\/Mapfre e S\u00e3o Jos\u00e9 Futsal ainda n\u00e3o decidiram suas respectivas participa\u00e7\u00f5es. Dois grupos, com turno \u00fanico. Classificam-se as quatro primeiras equipes de cada chave.<br \/>\nConfira como ficaram as chaves:<br \/>\n<strong>Chave A:<\/strong><br \/>\nIntelli\/Para\u00edso, FIB\/Bauru, ADC Ford\/Taubat\u00e9, Pulo do Gato\/Sanasa, GR Barueri, Hortol\u00e2ndia, S\u00e3o Jos\u00e9 Futsal;<br \/>\n<strong>Chave B:<\/strong><br \/>\nTempersul\/Dracena, AD Indaiatuba\/9 de Julho, AD Mogi Futsal, Uniara\/Araraquara, Yoka\/AcR\/Unisal\/Sicredi, AABB\/Mapfre.<br \/>\n<em>*A previs\u00e3o para o in\u00edcio da Copa Paulista ser\u00e1 em 11 de setembro. A tabela oficial ser\u00e1 divulgada em breve.<\/em><\/p>\n","protected":false},"excerpt":{"rendered":"<p>Aconteceu na tarde desta segunda-feira (21), no audit\u00f3rio da FPFS (Federa\u00e7\u00e3o Paulista de Futsal), o Conselho Arbitral para a Copa<\/p>\n","protected":false},"author":1,"featured_media":18077,"comment_status":"closed","ping_status":"open","sticky":false,"template":"","format":"standard","meta":{"footnotes":""},"categories":[23,25],"tags":[648,686,718,42],"class_list":["post-18076","post","type-post","status-publish","format-standard","has-post-thumbnail","hentry","category-copa-paulista","category-destaques","tag-competicao","tag-conselho-arbitral","tag-copa-paulista","tag-fpfs"],"_links":{"self":[{"href":"https:\/\/www.federacaopaulistadefutsal.com.br\/novo\/wp-json\/wp\/v2\/posts\/18076","targetHints":{"allow":["GET"]}}],"collection":[{"href":"https:\/\/www.federacaopaulistadefutsal.com.br\/novo\/wp-json\/wp\/v2\/posts"}],"about":[{"href":"https:\/\/www.federacaopaulistadefutsal.com.br\/novo\/wp-json\/wp\/v2\/types\/post"}],"author":[{"embeddable":true,"href":"https:\/\/www.federacaopaulistadefutsal.com.br\/novo\/wp-json\/wp\/v2\/users\/1"}],"replies":[{"embeddable":true,"href":"https:\/\/www.federacaopaulistadefutsal.com.br\/novo\/wp-json\/wp\/v2\/comments?post=18076"}],"version-history":[{"count":0,"href":"https:\/\/www.federacaopaulistadefutsal.com.br\/novo\/wp-json\/wp\/v2\/posts\/18076\/revisions"}],"wp:featuredmedia":[{"embeddable":true,"href":"https:\/\/www.federacaopaulistadefutsal.com.br\/novo\/wp-json\/"}],"wp:attachment":[{"href":"https:\/\/www.federacaopaulistadefutsal.com.br\/novo\/wp-json\/wp\/v2\/media?parent=18076"}],"wp:term":[{"taxonomy":"category","embeddable":true,"href":"https:\/\/www.federacaopaulistadefutsal.com.br\/novo\/wp-json\/wp\/v2\/categories?post=18076"},{"taxonomy":"post_tag","embeddable":true,"href":"https:\/\/www.federacaopaulistadefutsal.com.br\/novo\/wp-json\/wp\/v2\/tags?post=18076"}],"curies":[{"name":"wp","href":"https:\/\/api.w.org\/{rel}","templated":true}]}}