{"id":18353,"date":"2017-09-01T16:22:16","date_gmt":"2017-09-01T16:22:16","guid":{"rendered":"http:\/\/www.federacaopaulistadefutsal.com.br\/?p=18353"},"modified":"2017-09-01T16:22:16","modified_gmt":"2017-09-01T16:22:16","slug":"feminino-rodada-do-estadual-a1-nas-categorias-sub-13-sub-15-e-sub-17-acontece-neste-final-de-semana-confira-as-partidas","status":"publish","type":"post","link":"https:\/\/www.federacaopaulistadefutsal.com.br\/novo\/feminino-rodada-do-estadual-a1-nas-categorias-sub-13-sub-15-e-sub-17-acontece-neste-final-de-semana-confira-as-partidas\/","title":{"rendered":"Feminino: Rodada do Estadual A1 nas categorias Sub-13, Sub-15 e sub-17 acontece neste final de semana; confira as partidas"},"content":{"rendered":"<p><strong>Sub-13<\/strong><br \/>\n01\/09\/17 19:00 &#8211; Gin\u00e1sio Joaquim Camba\u00fava Rabello<br \/>\n<b>S\u00c3O CAETANO FUTSAL x\u00a0S\u00e3o Jos\u00e9\/Atleta Cidad\u00e3o\/IBS<\/b><br \/>\n03\/09\/17 15:00 &#8211; Gin\u00e1sio Presidente Ciro II<br \/>\n<b>Corinthians \/Tiger\/ Drummond x\u00a0A.D.C. Ford Taubat\u00e9\/P.M. de Taubat\u00e9<\/b><br \/>\n<strong>Sub-1<\/strong><strong>5<\/strong><br \/>\n01\/09\/17 19:45 &#8211; Gin\u00e1sio Joaquim Camba\u00fava Rabello<br \/>\n<b>S\u00c3O CAETANO FUTSAL x\u00a0S\u00e3o Jos\u00e9\/Atleta Cidad\u00e3o\/IBS<\/b><br \/>\n03\/09\/17 15:45 &#8211; Gin\u00e1sio Presidente Ciro II<br \/>\n<b>Corinthians \/Tiger\/ Drummond x\u00a0A.D.C. Ford Taubat\u00e9\/P.M. de Taubat\u00e9<\/b><br \/>\n<strong>Sub-17<\/strong><br \/>\n03\/09\/17 16:30 &#8211; Gin\u00e1sio Presidente Ciro II<br \/>\n<b>Corinthians \/Tiger\/ Drummond x\u00a0A.D.C. Ford Taubat\u00e9\/P.M. de Taubat\u00e9<\/b><br \/>\n&nbsp;<\/p>\n","protected":false},"excerpt":{"rendered":"<p>Sub-13 01\/09\/17 19:00 &#8211; Gin\u00e1sio Joaquim Camba\u00fava Rabello S\u00c3O CAETANO FUTSAL x\u00a0S\u00e3o Jos\u00e9\/Atleta Cidad\u00e3o\/IBS 03\/09\/17 15:00 &#8211; Gin\u00e1sio Presidente Ciro<\/p>\n","protected":false},"author":1,"featured_media":18356,"comment_status":"closed","ping_status":"open","sticky":false,"template":"","format":"standard","meta":{"footnotes":""},"categories":[14,26],"tags":[123,981,1037,2340,2347,2350],"class_list":["post-18353","post","type-post","status-publish","format-standard","has-post-thumbnail","hentry","category-a1-paulista-feminino-menores","category-feminino","tag-a1","tag-estadual-feminino","tag-federacao-paulista-de-futsal","tag-sub-17","tag-sub-13","tag-sub-15"],"_links":{"self":[{"href":"https:\/\/www.federacaopaulistadefutsal.com.br\/novo\/wp-json\/wp\/v2\/posts\/18353","targetHints":{"allow":["GET"]}}],"collection":[{"href":"https:\/\/www.federacaopaulistadefutsal.com.br\/novo\/wp-json\/wp\/v2\/posts"}],"about":[{"href":"https:\/\/www.federacaopaulistadefutsal.com.br\/novo\/wp-json\/wp\/v2\/types\/post"}],"author":[{"embeddable":true,"href":"https:\/\/www.federacaopaulistadefutsal.com.br\/novo\/wp-json\/wp\/v2\/users\/1"}],"replies":[{"embeddable":true,"href":"https:\/\/www.federacaopaulistadefutsal.com.br\/novo\/wp-json\/wp\/v2\/comments?post=18353"}],"version-history":[{"count":0,"href":"https:\/\/www.federacaopaulistadefutsal.com.br\/novo\/wp-json\/wp\/v2\/posts\/18353\/revisions"}],"wp:featuredmedia":[{"embeddable":true,"href":"https:\/\/www.federacaopaulistadefutsal.com.br\/novo\/wp-json\/"}],"wp:attachment":[{"href":"https:\/\/www.federacaopaulistadefutsal.com.br\/novo\/wp-json\/wp\/v2\/media?parent=18353"}],"wp:term":[{"taxonomy":"category","embeddable":true,"href":"https:\/\/www.federacaopaulistadefutsal.com.br\/novo\/wp-json\/wp\/v2\/categories?post=18353"},{"taxonomy":"post_tag","embeddable":true,"href":"https:\/\/www.federacaopaulistadefutsal.com.br\/novo\/wp-json\/wp\/v2\/tags?post=18353"}],"curies":[{"name":"wp","href":"https:\/\/api.w.org\/{rel}","templated":true}]}}