{"id":18372,"date":"2017-09-03T17:04:59","date_gmt":"2017-09-03T17:04:59","guid":{"rendered":"http:\/\/www.federacaopaulistadefutsal.com.br\/?p=18372"},"modified":"2017-09-03T17:04:59","modified_gmt":"2017-09-03T17:04:59","slug":"gol-na-etapa-final-garante-a-segunda-vitoria-do-dvs-sao-jose-no-estadual-a1-feminino","status":"publish","type":"post","link":"https:\/\/www.federacaopaulistadefutsal.com.br\/novo\/gol-na-etapa-final-garante-a-segunda-vitoria-do-dvs-sao-jose-no-estadual-a1-feminino\/","title":{"rendered":"Gol na etapa final garante a segunda vit\u00f3ria do DVS S\u00e3o Jos\u00e9 no Estadual A1 Feminino"},"content":{"rendered":"<p>Atual campe\u00e3o e vice-campe\u00e3o do Metropolitano, disputado no primeiro semestre, se reencontraram pela primeira vez desde a grande final. A partida foi v\u00e1lida pela segunda rodada do Campeonato Estadual A1 na \u00faltima sexta-feira (1), e realizada no Gin\u00e1sio\u00a0Poliesportivo Jos\u00e9 de Souza Sobrinho, casa do Tabo\u00e3o da Serra.<br \/>\nAs meninas do S\u00e3o Jos\u00e9, campe\u00e3s invictas do Metropolitano, foram quem balan\u00e7aram as redes ainda no primeiro tempo, com a camisa oito, Camila. Ainda na primeira etapa, as meninas do Tabo\u00e3o da Serra empataram com a camisa 11, Aline Passos. O placar permaneceu empatado at\u00e9 a segunda etapa.<br \/>\nA camisa 11, s\u00f3 que dessa vez do lado oposto, foi quem balan\u00e7ou as redes na etapa final: Tatinha, autora do gol que deu o t\u00edtulo do Metropolitano para o time do interior de S\u00e3o Paulo, decidiu novamente e garantiu a vit\u00f3ria para as visitantes.<br \/>\nCom o resultado positivo, o DVS S\u00e3o Jos\u00e9 lidera a competi\u00e7\u00e3o com duas vit\u00f3rias em dois jogos. J\u00e1 o Cats conheceu a sua primeira derrota no certame e, com o rev\u00e9s, permanece com tr\u00eas pontos na vice-lideran\u00e7a.<br \/>\nOs pr\u00f3ximos compromissos dos times acontecem em dias distintos: o Tabo\u00e3o da Serra joga fora de casa contra o Primeiro de Maio FC na noite de amanh\u00e3 (4), no Gin\u00e1sio\u00a0No\u00eamia Assump\u00e7\u00e3o, a partir das 19h30, enquanto o S\u00e3o Jos\u00e9, em casa, enfrenta o\u00a0Clube dos Banc\u00e1rio de Mar\u00edlia a partir das 15h , no Gin\u00e1sio\u00a0T\u00eanis Clube, dia (5).<br \/>\n&nbsp;<br \/>\n&nbsp;<br \/>\n&nbsp;<br \/>\n&nbsp;<\/p>\n","protected":false},"excerpt":{"rendered":"<p>Atual campe\u00e3o e vice-campe\u00e3o do Metropolitano, disputado no primeiro semestre, se reencontraram pela primeira vez desde a grande final. A<\/p>\n","protected":false},"author":1,"featured_media":18219,"comment_status":"closed","ping_status":"open","sticky":false,"template":"","format":"standard","meta":{"footnotes":""},"categories":[26],"tags":[445,891,976,981,42],"class_list":["post-18372","post","type-post","status-publish","format-standard","has-post-thumbnail","hentry","category-feminino","tag-ca-taboao-da-serra","tag-dvs-sao-jose-futsal","tag-estadual-a1","tag-estadual-feminino","tag-fpfs"],"_links":{"self":[{"href":"https:\/\/www.federacaopaulistadefutsal.com.br\/novo\/wp-json\/wp\/v2\/posts\/18372","targetHints":{"allow":["GET"]}}],"collection":[{"href":"https:\/\/www.federacaopaulistadefutsal.com.br\/novo\/wp-json\/wp\/v2\/posts"}],"about":[{"href":"https:\/\/www.federacaopaulistadefutsal.com.br\/novo\/wp-json\/wp\/v2\/types\/post"}],"author":[{"embeddable":true,"href":"https:\/\/www.federacaopaulistadefutsal.com.br\/novo\/wp-json\/wp\/v2\/users\/1"}],"replies":[{"embeddable":true,"href":"https:\/\/www.federacaopaulistadefutsal.com.br\/novo\/wp-json\/wp\/v2\/comments?post=18372"}],"version-history":[{"count":0,"href":"https:\/\/www.federacaopaulistadefutsal.com.br\/novo\/wp-json\/wp\/v2\/posts\/18372\/revisions"}],"wp:featuredmedia":[{"embeddable":true,"href":"https:\/\/www.federacaopaulistadefutsal.com.br\/novo\/wp-json\/"}],"wp:attachment":[{"href":"https:\/\/www.federacaopaulistadefutsal.com.br\/novo\/wp-json\/wp\/v2\/media?parent=18372"}],"wp:term":[{"taxonomy":"category","embeddable":true,"href":"https:\/\/www.federacaopaulistadefutsal.com.br\/novo\/wp-json\/wp\/v2\/categories?post=18372"},{"taxonomy":"post_tag","embeddable":true,"href":"https:\/\/www.federacaopaulistadefutsal.com.br\/novo\/wp-json\/wp\/v2\/tags?post=18372"}],"curies":[{"name":"wp","href":"https:\/\/api.w.org\/{rel}","templated":true}]}}