{"id":184,"date":"2018-01-18T15:42:42","date_gmt":"2018-01-18T15:42:42","guid":{"rendered":"http:\/\/ligadonanet.com.br\/novofederacao\/?p=184"},"modified":"2018-01-18T15:42:42","modified_gmt":"2018-01-18T15:42:42","slug":"cesinha-chega-para-comandar-tres-categorias-no-guarulhense","status":"publish","type":"post","link":"https:\/\/www.federacaopaulistadefutsal.com.br\/novo\/cesinha-chega-para-comandar-tres-categorias-no-guarulhense\/","title":{"rendered":"Cesinha chega para comandar tr\u00eas categorias no Guarulhense"},"content":{"rendered":"<p>O Guarulhense j\u00e1 tem um novo t\u00e9cnico para as categorias sub-8 e sub-9. Trata-se de C\u00e9sar Luiz da Silva, ou simplesmente, \u201cCesinha\u201d, como \u00e9 mais conhecido. O\u00a0profissional de 26 anos com forma\u00e7\u00e3o em educa\u00e7\u00e3o f\u00edsica e p\u00f3s-gradua\u00e7\u00e3o em futsal, tamb\u00e9m chega para comandar o sub-16 do Galo na disputa do Metropolitano.<\/p>\n<p>A carreira no futsal come\u00e7ou h\u00e1 duas d\u00e9cadas, ainda pequeno, aos cinco anos, como atleta, vida que, em paralelo, dura at\u00e9 hoje, posto que, no primeiro semestre, representando o Bronk\u2019s e a cidade de Guarulhos, ele foi campe\u00e3o do Neymar Jr\u2019s Five, representando o pa\u00eds no mundial da competi\u00e7\u00e3o. Al\u00e9m disto, como jogador,\u00a0 ainda atuou por Palmeiras, Veneza, Esperia, Guapira, ASA e Juventus, conquistando t\u00edtulos como o Estadual.<\/p>\n<p>Cesinha se transformou em um treinador de Federa\u00e7\u00e3o h\u00e1 quase cinco anos, quando chegou ao ASA, sempre ficando entre os melhores da S\u00e9rie Ouro. Ainda passou por Wimpro e CE Penha, onde atua como auxiliar-t\u00e9cnico dos times sub-12 e sub-14 e fez est\u00e1gio com o lend\u00e1rio Ferretti no Corinthians, em 2015.<\/p>\n<p><a href=\"http:\/\/www.federacaopaulistadefutsal.com.br\/wp-content\/uploads\/2018\/01\/cesinha-1.png\"><img fetchpriority=\"high\" decoding=\"async\" class=\"aligncenter wp-image-21112\" src=\"http:\/\/www.federacaopaulistadefutsal.com.br\/wp-content\/uploads\/2018\/01\/cesinha-1.png\" sizes=\"(max-width: 326px) 100vw, 326px\" srcset=\"http:\/\/www.federacaopaulistadefutsal.com.br\/wp-content\/uploads\/2018\/01\/cesinha-1.png 466w, http:\/\/www.federacaopaulistadefutsal.com.br\/wp-content\/uploads\/2018\/01\/cesinha-1-254x300.png 254w\" alt=\"\" width=\"326\" height=\"384\" \/><\/a><\/p>\n<p>A miss\u00e3o no\u00a0Atl\u00e9tico, que come\u00e7a em 2018, anima o t\u00e9cnico, que diz conhecer o clube. \u201cPor ser de Guarulhos sempre acompanhei a trajet\u00f3ria do time, conhe\u00e7o as pessoas que est\u00e3o \u00e0 frente e as que trabalharam ou ainda trabalham nele. Sei de todas as dificuldades, mas o esporte da cidade precisa ser resgatado urgentemente. Quero fazer parte disto\u201d, pontuou.<\/p>\n<p><em>Informa\u00e7\u00f5es: Assessoria de imprensa C.A. Guarulhense<\/em><\/p>\n<p><em>Fotos: Arquivo pessoal<\/em><\/p>\n","protected":false},"excerpt":{"rendered":"<p>O Guarulhense j\u00e1 tem um novo t\u00e9cnico para as categorias sub-8 e sub-9. Trata-se de C\u00e9sar Luiz da Silva, ou<\/p>\n","protected":false},"author":1,"featured_media":185,"comment_status":"open","ping_status":"open","sticky":false,"template":"","format":"standard","meta":{"footnotes":""},"categories":[1],"tags":[],"class_list":["post-184","post","type-post","status-publish","format-standard","has-post-thumbnail","hentry","category-novidades"],"_links":{"self":[{"href":"https:\/\/www.federacaopaulistadefutsal.com.br\/novo\/wp-json\/wp\/v2\/posts\/184","targetHints":{"allow":["GET"]}}],"collection":[{"href":"https:\/\/www.federacaopaulistadefutsal.com.br\/novo\/wp-json\/wp\/v2\/posts"}],"about":[{"href":"https:\/\/www.federacaopaulistadefutsal.com.br\/novo\/wp-json\/wp\/v2\/types\/post"}],"author":[{"embeddable":true,"href":"https:\/\/www.federacaopaulistadefutsal.com.br\/novo\/wp-json\/wp\/v2\/users\/1"}],"replies":[{"embeddable":true,"href":"https:\/\/www.federacaopaulistadefutsal.com.br\/novo\/wp-json\/wp\/v2\/comments?post=184"}],"version-history":[{"count":1,"href":"https:\/\/www.federacaopaulistadefutsal.com.br\/novo\/wp-json\/wp\/v2\/posts\/184\/revisions"}],"predecessor-version":[{"id":186,"href":"https:\/\/www.federacaopaulistadefutsal.com.br\/novo\/wp-json\/wp\/v2\/posts\/184\/revisions\/186"}],"wp:featuredmedia":[{"embeddable":true,"href":"https:\/\/www.federacaopaulistadefutsal.com.br\/novo\/wp-json\/wp\/v2\/media\/185"}],"wp:attachment":[{"href":"https:\/\/www.federacaopaulistadefutsal.com.br\/novo\/wp-json\/wp\/v2\/media?parent=184"}],"wp:term":[{"taxonomy":"category","embeddable":true,"href":"https:\/\/www.federacaopaulistadefutsal.com.br\/novo\/wp-json\/wp\/v2\/categories?post=184"},{"taxonomy":"post_tag","embeddable":true,"href":"https:\/\/www.federacaopaulistadefutsal.com.br\/novo\/wp-json\/wp\/v2\/tags?post=184"}],"curies":[{"name":"wp","href":"https:\/\/api.w.org\/{rel}","templated":true}]}}