{"id":18464,"date":"2017-09-06T11:32:25","date_gmt":"2017-09-06T11:32:25","guid":{"rendered":"http:\/\/www.federacaopaulistadefutsal.com.br\/?p=18464"},"modified":"2017-09-06T11:32:25","modified_gmt":"2017-09-06T11:32:25","slug":"ausente-nas-ultimas-convocacoes-rodrigo-hardy-volta-a-ser-chamado-para-defender-as-cores-da-selecao","status":"publish","type":"post","link":"https:\/\/www.federacaopaulistadefutsal.com.br\/novo\/ausente-nas-ultimas-convocacoes-rodrigo-hardy-volta-a-ser-chamado-para-defender-as-cores-da-selecao\/","title":{"rendered":"Ausente nas \u00faltimas convoca\u00e7\u00f5es, Rodrigo Hardy volta a ser chamado para defender as cores da Sele\u00e7\u00e3o"},"content":{"rendered":"<p>Ap\u00f3s um per\u00edodo ausente nas convoca\u00e7\u00f5es da Sele\u00e7\u00e3o Brasileira de Futsal, o fixo Rodrigo Hardy, do Magnus Fatsal, \u00a0volta a ser convocado para vestir a camisa verde e amarelo e faz parte da primeira lista do t\u00e9cnico Marquinhos Xavier, substituto de PC de Oliveira.<\/p>\n<div class=\"mc-column content-text active-extra-styles \" data-block-type=\"unstyled\" data-block-weight=\"55\">\n<p class=\"content-text__container \" data-track-category=\"Link no Texto\" data-track-links=\"\">Considerado um dos melhores jogadores da posi\u00e7\u00e3o, Rodrigo concorreu ao pr\u00eamio de melhor jogador do mundo de futsal no \u00faltimo ano. No per\u00edodo em que a sele\u00e7\u00e3o brasileira foi comandada por PC de Oliveira, o fixo n\u00e3o foi convocado.<\/p>\n<\/div>\n<div class=\"mc-column content-text active-extra-styles \" data-block-type=\"unstyled\" data-block-weight=\"104\">\n<p class=\"content-text__container \" data-track-category=\"Link no Texto\" data-track-links=\"\">&#8220;Muito feliz pelo retorno. Tenho um prazer enorme de jogar, s\u00e3o oito anos, mais de 100 jogos e dois mundiais com um t\u00edtulo e uma das maiores tristezas da minha vida que foi a elimina\u00e7\u00e3o&#8221;, disse o Rodrigo.<\/p>\n<p class=\"content-text__container \" data-track-category=\"Link no Texto\" data-track-links=\"\">Aos 33 anos, Rodrigo tem 116 jogos e 76 gols marcados pela sele\u00e7\u00e3o brasileira. Entre os principais t\u00edtulos conquistados na carreira,est\u00e1 o da Copa do Mundo de Futsal de 2012.<\/p>\n<p data-track-category=\"Link no Texto\" data-track-links=\"\"><em>Informa\u00e7\u00f5es: Em\u00edlio Botta<\/em><\/p>\n<p data-track-category=\"Link no Texto\" data-track-links=\"\"><em>Foto: LNF\/Divulga\u00e7\u00e3o<\/em><\/p>\n<\/div>\n","protected":false},"excerpt":{"rendered":"<p>Ap\u00f3s um per\u00edodo ausente nas convoca\u00e7\u00f5es da Sele\u00e7\u00e3o Brasileira de Futsal, o fixo Rodrigo Hardy, do Magnus Fatsal, \u00a0volta a<\/p>\n","protected":false},"author":1,"featured_media":18468,"comment_status":"closed","ping_status":"open","sticky":false,"template":"","format":"standard","meta":{"footnotes":""},"categories":[25,35],"tags":[563,696,42,1571,2240],"class_list":["post-18464","post","type-post","status-publish","format-standard","has-post-thumbnail","hentry","category-destaques","category-selecao","tag-cbfs","tag-convocacao","tag-fpfs","tag-magnus-futsal","tag-selecao-brasileira"],"_links":{"self":[{"href":"https:\/\/www.federacaopaulistadefutsal.com.br\/novo\/wp-json\/wp\/v2\/posts\/18464","targetHints":{"allow":["GET"]}}],"collection":[{"href":"https:\/\/www.federacaopaulistadefutsal.com.br\/novo\/wp-json\/wp\/v2\/posts"}],"about":[{"href":"https:\/\/www.federacaopaulistadefutsal.com.br\/novo\/wp-json\/wp\/v2\/types\/post"}],"author":[{"embeddable":true,"href":"https:\/\/www.federacaopaulistadefutsal.com.br\/novo\/wp-json\/wp\/v2\/users\/1"}],"replies":[{"embeddable":true,"href":"https:\/\/www.federacaopaulistadefutsal.com.br\/novo\/wp-json\/wp\/v2\/comments?post=18464"}],"version-history":[{"count":0,"href":"https:\/\/www.federacaopaulistadefutsal.com.br\/novo\/wp-json\/wp\/v2\/posts\/18464\/revisions"}],"wp:featuredmedia":[{"embeddable":true,"href":"https:\/\/www.federacaopaulistadefutsal.com.br\/novo\/wp-json\/"}],"wp:attachment":[{"href":"https:\/\/www.federacaopaulistadefutsal.com.br\/novo\/wp-json\/wp\/v2\/media?parent=18464"}],"wp:term":[{"taxonomy":"category","embeddable":true,"href":"https:\/\/www.federacaopaulistadefutsal.com.br\/novo\/wp-json\/wp\/v2\/categories?post=18464"},{"taxonomy":"post_tag","embeddable":true,"href":"https:\/\/www.federacaopaulistadefutsal.com.br\/novo\/wp-json\/wp\/v2\/tags?post=18464"}],"curies":[{"name":"wp","href":"https:\/\/api.w.org\/{rel}","templated":true}]}}