{"id":18582,"date":"2017-09-12T12:31:49","date_gmt":"2017-09-12T12:31:49","guid":{"rendered":"http:\/\/www.federacaopaulistadefutsal.com.br\/?p=18582"},"modified":"2017-09-12T12:31:49","modified_gmt":"2017-09-12T12:31:49","slug":"equipes-menores-da-a-a-fibressaca-disputam-torneio-regional","status":"publish","type":"post","link":"https:\/\/www.federacaopaulistadefutsal.com.br\/novo\/equipes-menores-da-a-a-fibressaca-disputam-torneio-regional\/","title":{"rendered":"Equipes menores da A.A. FIB\/Ressaca disputam torneio regional"},"content":{"rendered":"<p>Paralelo \u00e0 S\u00e9rie A3 do Campeonato Paulista e da 8\u00aa Copa de Futsal do Estado de S\u00e3o Paulo, as equipes menores da Associa\u00e7\u00e3o Atl\u00e9tica FIB, que firmou uma parceria com o Ressaca Futebol Clube, tamb\u00e9m de Bauru, para as competi\u00e7\u00f5es da base, disputou a Arei\u00f3polis Futsal Cup, no munic\u00edpio de Arei\u00f3polis.<br \/>\nOs bauruenses participaram do certame regional nas categorias Sub-11; Sub-13; Sub-15 e Sub-17 do masculino e ainda, fez dois jogos com a equipe feminina. As meninas da A.A. FIB\/Ressaca jogaram contra e Ita\u00ed e Arei\u00f3polis, e conquistaram duas vit\u00f3rias; j\u00e1 no masculino, a equipe de Bauru faturou o vice-campeonato no Sub-15.<br \/>\n<a href=\"http:\/\/www.federacaopaulistadefutsal.com.br\/wp-content\/uploads\/2017\/09\/Equipe-Sub15-da-AA-FIB_Ressaca.jpg\"><img fetchpriority=\"high\" decoding=\"async\" class=\"aligncenter wp-image-18585\" src=\"http:\/\/www.federacaopaulistadefutsal.com.br\/wp-content\/uploads\/2017\/09\/Equipe-Sub15-da-AA-FIB_Ressaca.jpg\" alt=\"\" width=\"532\" height=\"346\" \/><\/a><br \/>\n&#8220;Foi uma excelente experi\u00eancia para nossos atletas. Um torneio regional com um excelente n\u00edvel t\u00e9cnico e que, com certeza, dar\u00e1 mais bagagem para nossas equipes nos pr\u00f3ximos desafios dos campeonatos estaduais que participamos&#8221;, destacou Alexandre Previdello Xandele, coordenador do Ressaca Futebol Clube, parceiro da A.A. FIB nas categorias menores.<br \/>\nPela s\u00e9rie A3 do Paulista, os bauruenses ir\u00e3o fazer dois jogos no Gin\u00e1sio Duduz\u00e3o neste s\u00e1bado (16), contra o Planeta Sport\/Ara\u00e7atuba no Sub-12, a partir das 14h30, e contra o Meridiano Futsal pelo Sub-16, \u00e0s 15h00.<br \/>\n<em>Informa\u00e7\u00f5es e foto: Assessoria de Imprensa A.A. FIB<\/em><\/p>\n","protected":false},"excerpt":{"rendered":"<p>Paralelo \u00e0 S\u00e9rie A3 do Campeonato Paulista e da 8\u00aa Copa de Futsal do Estado de S\u00e3o Paulo, as equipes<\/p>\n","protected":false},"author":1,"featured_media":18584,"comment_status":"closed","ping_status":"open","sticky":false,"template":"","format":"standard","meta":{"footnotes":""},"categories":[29],"tags":[128,546,42,1141],"class_list":["post-18582","post","type-post","status-publish","format-standard","has-post-thumbnail","hentry","category-interior","tag-aa-fib","tag-categoria-menores","tag-fpfs","tag-futsal-interior"],"_links":{"self":[{"href":"https:\/\/www.federacaopaulistadefutsal.com.br\/novo\/wp-json\/wp\/v2\/posts\/18582","targetHints":{"allow":["GET"]}}],"collection":[{"href":"https:\/\/www.federacaopaulistadefutsal.com.br\/novo\/wp-json\/wp\/v2\/posts"}],"about":[{"href":"https:\/\/www.federacaopaulistadefutsal.com.br\/novo\/wp-json\/wp\/v2\/types\/post"}],"author":[{"embeddable":true,"href":"https:\/\/www.federacaopaulistadefutsal.com.br\/novo\/wp-json\/wp\/v2\/users\/1"}],"replies":[{"embeddable":true,"href":"https:\/\/www.federacaopaulistadefutsal.com.br\/novo\/wp-json\/wp\/v2\/comments?post=18582"}],"version-history":[{"count":0,"href":"https:\/\/www.federacaopaulistadefutsal.com.br\/novo\/wp-json\/wp\/v2\/posts\/18582\/revisions"}],"wp:featuredmedia":[{"embeddable":true,"href":"https:\/\/www.federacaopaulistadefutsal.com.br\/novo\/wp-json\/"}],"wp:attachment":[{"href":"https:\/\/www.federacaopaulistadefutsal.com.br\/novo\/wp-json\/wp\/v2\/media?parent=18582"}],"wp:term":[{"taxonomy":"category","embeddable":true,"href":"https:\/\/www.federacaopaulistadefutsal.com.br\/novo\/wp-json\/wp\/v2\/categories?post=18582"},{"taxonomy":"post_tag","embeddable":true,"href":"https:\/\/www.federacaopaulistadefutsal.com.br\/novo\/wp-json\/wp\/v2\/tags?post=18582"}],"curies":[{"name":"wp","href":"https:\/\/api.w.org\/{rel}","templated":true}]}}