{"id":18761,"date":"2017-09-19T20:44:18","date_gmt":"2017-09-19T20:44:18","guid":{"rendered":"http:\/\/www.federacaopaulistadefutsal.com.br\/?p=18761"},"modified":"2017-09-19T20:44:18","modified_gmt":"2017-09-19T20:44:18","slug":"categorias-de-iniciacao-do-corinthians-superam-sao-caetano-futsal-e-conquistam-o-terceiro-lugar-no-metropolitano-serie-ouro","status":"publish","type":"post","link":"https:\/\/www.federacaopaulistadefutsal.com.br\/novo\/categorias-de-iniciacao-do-corinthians-superam-sao-caetano-futsal-e-conquistam-o-terceiro-lugar-no-metropolitano-serie-ouro\/","title":{"rendered":"Categorias de inicia\u00e7\u00e3o do Corinthians superam S\u00e3o Caetano Futsal e conquistam o terceiro lugar no Metropolitano S\u00e9rie Ouro"},"content":{"rendered":"<p>No \u00faltimo s\u00e1bado (16), as categorias menores de futsal do Corinthians, tiveram mais um desafio v\u00e1lido pelo Campeonato Metropolitano Categoria Inicia\u00e7\u00e3o. No Gin\u00e1sio Poliesportivo Wlamir Marques, as equipe sub-8, sub-9 e sub-10 enfrentaram as equipes do S\u00e3o Caetano Futsal.<br \/>\nNos jogos de volta da disputa de terceiro e quarto lugar, os garotos do Corinthians venceram dois dos tr\u00eas confrontos e conquistaram o terceiro lugar na competi\u00e7\u00e3o paulista.<br \/>\n<strong>Confira os resultados:<\/strong><br \/>\n<strong>Sub-8<\/strong><br \/>\n16\/09\/17 09:00 &#8211; Corinthians 5 x 0 S\u00e3o Caetano<br \/>\n07\/09\/17 10:00 &#8211; Gin\u00e1sio Joaquim Camba\u00fava Rabello<br \/>\nS\u00e3o Caetano Futsal 0 x 4\u00a0S.C. Corinthians Paulista<br \/>\n<strong>Sub-9<\/strong><br \/>\n16\/09\/17 09:45 &#8211; Corinthians 2 x 2 S\u00e3o Caetano<br \/>\n07\/09\/17 10:45 &#8211; Gin\u00e1sio Joaquim Camba\u00fava Rabello<br \/>\nS\u00e3o Caetano Futsal 2 x 2\u00a0S.C. Corinthians Paulista<br \/>\n<strong>Sub-10<\/strong><br \/>\n16\/09\/17 10:30 &#8211; Corinthians 6 x 1 S\u00e3o Caetano<br \/>\nJogo de ida:\u00a007\/09\/17 11:30 &#8211; Gin\u00e1sio Joaquim Camba\u00fava Rabello<br \/>\nS\u00e3o Caetano Futsal 0 x 3\u00a0S.C. Corinthians Paulista<br \/>\n<em>Foto: Rodrigo Coca<\/em><\/p>\n","protected":false},"excerpt":{"rendered":"<p>No \u00faltimo s\u00e1bado (16), as categorias menores de futsal do Corinthians, tiveram mais um desafio v\u00e1lido pelo Campeonato Metropolitano Categoria<\/p>\n","protected":false},"author":1,"featured_media":18763,"comment_status":"closed","ping_status":"open","sticky":false,"template":"","format":"standard","meta":{"footnotes":""},"categories":[34],"tags":[546,42,2153,2282,2337,2343,2344],"class_list":["post-18761","post","type-post","status-publish","format-standard","has-post-thumbnail","hentry","category-metropolitano-serie-unica","tag-categoria-menores","tag-fpfs","tag-s-c-corinthians-paulista","tag-serie-ouro","tag-sub-10","tag-sub-8","tag-sub-9"],"_links":{"self":[{"href":"https:\/\/www.federacaopaulistadefutsal.com.br\/novo\/wp-json\/wp\/v2\/posts\/18761","targetHints":{"allow":["GET"]}}],"collection":[{"href":"https:\/\/www.federacaopaulistadefutsal.com.br\/novo\/wp-json\/wp\/v2\/posts"}],"about":[{"href":"https:\/\/www.federacaopaulistadefutsal.com.br\/novo\/wp-json\/wp\/v2\/types\/post"}],"author":[{"embeddable":true,"href":"https:\/\/www.federacaopaulistadefutsal.com.br\/novo\/wp-json\/wp\/v2\/users\/1"}],"replies":[{"embeddable":true,"href":"https:\/\/www.federacaopaulistadefutsal.com.br\/novo\/wp-json\/wp\/v2\/comments?post=18761"}],"version-history":[{"count":0,"href":"https:\/\/www.federacaopaulistadefutsal.com.br\/novo\/wp-json\/wp\/v2\/posts\/18761\/revisions"}],"wp:featuredmedia":[{"embeddable":true,"href":"https:\/\/www.federacaopaulistadefutsal.com.br\/novo\/wp-json\/"}],"wp:attachment":[{"href":"https:\/\/www.federacaopaulistadefutsal.com.br\/novo\/wp-json\/wp\/v2\/media?parent=18761"}],"wp:term":[{"taxonomy":"category","embeddable":true,"href":"https:\/\/www.federacaopaulistadefutsal.com.br\/novo\/wp-json\/wp\/v2\/categories?post=18761"},{"taxonomy":"post_tag","embeddable":true,"href":"https:\/\/www.federacaopaulistadefutsal.com.br\/novo\/wp-json\/wp\/v2\/tags?post=18761"}],"curies":[{"name":"wp","href":"https:\/\/api.w.org\/{rel}","templated":true}]}}