{"id":18979,"date":"2017-09-30T21:19:28","date_gmt":"2017-09-30T21:19:28","guid":{"rendered":"http:\/\/www.federacaopaulistadefutsal.com.br\/?p=18979"},"modified":"2017-09-30T21:19:28","modified_gmt":"2017-09-30T21:19:28","slug":"fib-vacila-no-fim-e-sofre-primeiro-reves-em-bauru-na-copa-paulista","status":"publish","type":"post","link":"https:\/\/www.federacaopaulistadefutsal.com.br\/novo\/fib-vacila-no-fim-e-sofre-primeiro-reves-em-bauru-na-copa-paulista\/","title":{"rendered":"FIB vacila no fim e sofre primeiro rev\u00e9s em Bauru na Copa Paulista"},"content":{"rendered":"<p>Depois de estar \u00e0 frente do placar, a Associa\u00e7\u00e3o Atl\u00e9tica FIB vacilou no fim e sofreu, nesta sexta-feira (29), o primeiro rev\u00e9s no Gin\u00e1sio Duduz\u00e3o, pela Copa Paulista. Os bauruenses perderam de 3 a 2 do Pulo do Gato\/Sanasa, de Campinas, pela segunda rodada da fase de grupos.<br \/>\nO time campineiro \u2013 que, assim como a A.A. FIB, havia sido derrotado na estreia e estava em busca da recupera\u00e7\u00e3o \u2013, iniciou a partida no ataque e precisou de apenas duas oportunidades para marcar; Dieg\u00e3o fez 1 a 0 para os visitantes<br \/>\nCom apoio da torcida, os jogadores bauruenses n\u00e3o se abateram ap\u00f3s o gol e foram buscar o empate. Minhoca, ainda no primeiro tempo empatou, e, na etapa final, tamb\u00e9m marcou o gol da virada da A.A. FIB, que conseguiu segurar o 2 a 1 at\u00e9 os minutos finais.<br \/>\nQuando o cron\u00f4metro indicava cinco minutos para o encerramento do confronto, Gabrielzinho fez o segundo gol dos campineiros e, no \u00faltimo lance, em um tiro livre, Valtinho assegurou a vit\u00f3ria do Pulo do Gato\/Sanasa.<br \/>\nCom o resultado, a A.A. FIB segue em pontuar na Copa Paulista e enfrentar\u00e1, na terceira rodada da fase de grupos, a ADC Ford\/Taubat\u00e9, em jogo marcado para o dia 21 de outubro na cidade de Taubat\u00e9.<br \/>\n<em>Informa\u00e7\u00f5es e foto: Assessoria de Imprensa A.A. FIB<\/em><\/p>\n","protected":false},"excerpt":{"rendered":"<p>Depois de estar \u00e0 frente do placar, a Associa\u00e7\u00e3o Atl\u00e9tica FIB vacilou no fim e sofreu, nesta sexta-feira (29), o<\/p>\n","protected":false},"author":1,"featured_media":18981,"comment_status":"closed","ping_status":"open","sticky":false,"template":"","format":"standard","meta":{"footnotes":""},"categories":[23,29],"tags":[128,42,1334,1556,1999],"class_list":["post-18979","post","type-post","status-publish","format-standard","has-post-thumbnail","hentry","category-copa-paulista","category-interior","tag-aa-fib","tag-fpfs","tag-interior","tag-lpf","tag-pulo-do-gato"],"_links":{"self":[{"href":"https:\/\/www.federacaopaulistadefutsal.com.br\/novo\/wp-json\/wp\/v2\/posts\/18979","targetHints":{"allow":["GET"]}}],"collection":[{"href":"https:\/\/www.federacaopaulistadefutsal.com.br\/novo\/wp-json\/wp\/v2\/posts"}],"about":[{"href":"https:\/\/www.federacaopaulistadefutsal.com.br\/novo\/wp-json\/wp\/v2\/types\/post"}],"author":[{"embeddable":true,"href":"https:\/\/www.federacaopaulistadefutsal.com.br\/novo\/wp-json\/wp\/v2\/users\/1"}],"replies":[{"embeddable":true,"href":"https:\/\/www.federacaopaulistadefutsal.com.br\/novo\/wp-json\/wp\/v2\/comments?post=18979"}],"version-history":[{"count":0,"href":"https:\/\/www.federacaopaulistadefutsal.com.br\/novo\/wp-json\/wp\/v2\/posts\/18979\/revisions"}],"wp:featuredmedia":[{"embeddable":true,"href":"https:\/\/www.federacaopaulistadefutsal.com.br\/novo\/wp-json\/"}],"wp:attachment":[{"href":"https:\/\/www.federacaopaulistadefutsal.com.br\/novo\/wp-json\/wp\/v2\/media?parent=18979"}],"wp:term":[{"taxonomy":"category","embeddable":true,"href":"https:\/\/www.federacaopaulistadefutsal.com.br\/novo\/wp-json\/wp\/v2\/categories?post=18979"},{"taxonomy":"post_tag","embeddable":true,"href":"https:\/\/www.federacaopaulistadefutsal.com.br\/novo\/wp-json\/wp\/v2\/tags?post=18979"}],"curies":[{"name":"wp","href":"https:\/\/api.w.org\/{rel}","templated":true}]}}