{"id":19002,"date":"2017-10-02T21:18:26","date_gmt":"2017-10-02T21:18:26","guid":{"rendered":"http:\/\/www.federacaopaulistadefutsal.com.br\/?p=19002"},"modified":"2017-10-02T21:18:26","modified_gmt":"2017-10-02T21:18:26","slug":"elite-itaquerense-lidera-o-estadual-a1-jose-marcos-barbosa-confira-os-resultados-das-partidas-do-ultimo-fim-de-semana-pelo-sub-14","status":"publish","type":"post","link":"https:\/\/www.federacaopaulistadefutsal.com.br\/novo\/elite-itaquerense-lidera-o-estadual-a1-jose-marcos-barbosa-confira-os-resultados-das-partidas-do-ultimo-fim-de-semana-pelo-sub-14\/","title":{"rendered":"Elite Itaquerense lidera o Estadual A1 Jos\u00e9 Marcos Barbosa; confira os resultados das partidas do \u00faltimo fim de semana pelo Sub-14"},"content":{"rendered":"<p>30\/09\/17 11:00 &#8211; Gin\u00e1sio Carlos Aldrovandi<br \/>\n<b>A.D. Indaiatuba 3 x 3\u00a0Mogi das Cruzes E.C.<\/b><br \/>\n30\/09\/17 11:00 &#8211; Gin\u00e1sio Municipal Rog\u00ea Ferreira<br \/>\n<b>Pulo do Gato Futsal 6 x 1\u00a0S.E.R. de Caieiras<\/b><br \/>\n30\/09\/17 11:30 &#8211; Gin\u00e1sio Banespa<br \/>\n<b>Banespa 0 x 2\u00a0C.A. Juventus<\/b><br \/>\n30\/09\/17 12:00 &#8211; Gin\u00e1sio Arena Palestra It\u00e1lia<br \/>\n<b>S.E. Palmeiras 2 x 1\u00a0A.A. Botucatuense<\/b><br \/>\n30\/09\/17 15:00 &#8211; Gin\u00e1sio T\u00eanis Clube<br \/>\n<b>S\u00e3o Jos\u00e9 Futsal\/Atleta Cidad\u00e3o 2 x 1\u00a0\u00a0Clube S\u00e3o Jo\u00e3o \/ Jundia\u00ed<\/b><br \/>\n30\/09\/17 16:00 &#8211; Gin\u00e1sio A da AABB<br \/>\n<b>A.A. Banco do Brasil 2 x 1\u00a0A.D. Santo Andr\u00e9 Futsal<\/b><br \/>\n30\/09\/17 16:00 &#8211; Gin\u00e1sio Sebasti\u00e3o Rafael da Silva &#8211; Geod\u00e9sico<br \/>\n<b>FAE\/Audax\/Osasco 7 x 4\u00a0S.E. Metal\u00fargicos<\/b><br \/>\n30\/09\/17 16:00 &#8211; Gin\u00e1sio Parque S\u00e3o Jorge<br \/>\n<b>S.C. Corinthians Paulista 11 x 0\u00a0C.A. Tabuca Juniors<\/b><br \/>\n30\/09\/17 16:00 &#8211; GIN\u00c1SIO PALESTRA S.B.<br \/>\n<b>S\u00e3o Caetano FC\/Palestra SB 2 x 5\u00a0C.A. Tabo\u00e3o da Serra\/SEMEL<\/b><br \/>\n30\/09\/17 16:30 &#8211; Gin\u00e1sio Presidente Ciro I<br \/>\n<b>Lausanne Paulista F.C. 4 x 0\u00a0S\u00e3o Caetano Futsal<\/b><br \/>\n30\/09\/17 16:30 &#8211; Gin\u00e1sio Presidente Ciro II<br \/>\n<b>Elite Itaquerense 3 x 1\u00a0Santos F.C.<\/b><br \/>\n01\/10\/17 16:00 &#8211; Gin\u00e1sio Clube Mesc<br \/>\n<b>A.D.C. S\u00e3o Bernardo 1 x 2\u00a0C.E. Penha<\/b><\/p>\n","protected":false},"excerpt":{"rendered":"<p>30\/09\/17 11:00 &#8211; Gin\u00e1sio Carlos Aldrovandi A.D. Indaiatuba 3 x 3\u00a0Mogi das Cruzes E.C. 30\/09\/17 11:00 &#8211; Gin\u00e1sio Municipal Rog\u00ea<\/p>\n","protected":false},"author":1,"featured_media":18873,"comment_status":"closed","ping_status":"open","sticky":false,"template":"","format":"standard","meta":{"footnotes":""},"categories":[8],"tags":[648,976,42,1643,2348],"class_list":["post-19002","post","type-post","status-publish","format-standard","has-post-thumbnail","hentry","category-estadual-base-a1","tag-competicao","tag-estadual-a1","tag-fpfs","tag-menores-2","tag-sub-14"],"_links":{"self":[{"href":"https:\/\/www.federacaopaulistadefutsal.com.br\/novo\/wp-json\/wp\/v2\/posts\/19002","targetHints":{"allow":["GET"]}}],"collection":[{"href":"https:\/\/www.federacaopaulistadefutsal.com.br\/novo\/wp-json\/wp\/v2\/posts"}],"about":[{"href":"https:\/\/www.federacaopaulistadefutsal.com.br\/novo\/wp-json\/wp\/v2\/types\/post"}],"author":[{"embeddable":true,"href":"https:\/\/www.federacaopaulistadefutsal.com.br\/novo\/wp-json\/wp\/v2\/users\/1"}],"replies":[{"embeddable":true,"href":"https:\/\/www.federacaopaulistadefutsal.com.br\/novo\/wp-json\/wp\/v2\/comments?post=19002"}],"version-history":[{"count":0,"href":"https:\/\/www.federacaopaulistadefutsal.com.br\/novo\/wp-json\/wp\/v2\/posts\/19002\/revisions"}],"wp:featuredmedia":[{"embeddable":true,"href":"https:\/\/www.federacaopaulistadefutsal.com.br\/novo\/wp-json\/"}],"wp:attachment":[{"href":"https:\/\/www.federacaopaulistadefutsal.com.br\/novo\/wp-json\/wp\/v2\/media?parent=19002"}],"wp:term":[{"taxonomy":"category","embeddable":true,"href":"https:\/\/www.federacaopaulistadefutsal.com.br\/novo\/wp-json\/wp\/v2\/categories?post=19002"},{"taxonomy":"post_tag","embeddable":true,"href":"https:\/\/www.federacaopaulistadefutsal.com.br\/novo\/wp-json\/wp\/v2\/tags?post=19002"}],"curies":[{"name":"wp","href":"https:\/\/api.w.org\/{rel}","templated":true}]}}