{"id":19054,"date":"2017-10-05T20:48:19","date_gmt":"2017-10-05T20:48:19","guid":{"rendered":"http:\/\/www.federacaopaulistadefutsal.com.br\/?p=19054"},"modified":"2017-10-05T20:48:19","modified_gmt":"2017-10-05T20:48:19","slug":"fpfs-homenageia-ex-jogadores-da-geracao-bola-pesada-na-assembleia-legislativa-do-estado-de-sao-paulo","status":"publish","type":"post","link":"https:\/\/www.federacaopaulistadefutsal.com.br\/novo\/fpfs-homenageia-ex-jogadores-da-geracao-bola-pesada-na-assembleia-legislativa-do-estado-de-sao-paulo\/","title":{"rendered":"FPFS homenageia ex-jogadores da &quot;Gera\u00e7\u00e3o Bola Pesada&quot; na Assembl\u00e9ia Legislativa do Estado de S\u00e3o Paulo"},"content":{"rendered":"<p>Aconteceu na noite da \u00faltima quarta-feira (4), na Assembleia Legislativa do Estado de S\u00e3o Paulo, o <strong>Ato Solene<\/strong>, que teve como objetivo homenagear ex-jogadores que fizeram parte da hist\u00f3ria e contribu\u00edram para o desenvolvimento do futsal. Todos os ex-atletas, que participaram de campeonato brasileiros na\u00a0categoria principal adulto masculino\u00a0entre os anos de 1959 \u2013 1989, e das sele\u00e7\u00f5es paulistas deste per\u00edodo, foram convidados para serem homenageados pela entidade.<br \/>\nA cerim\u00f4nia, al\u00e9m de contar com a presen\u00e7a de ex-atletas e ex-dirigentes, tamb\u00e9m teve como convidados: o presidente da Sociedade Esportiva Palmeiras, Mauricio Galiotte, acompanhado de Paulo Buosi, diretor do Palmeiras; o ex-jogador de futebol, Evair (SE Palmeiras); representando o Comandante Geral da Policita Militar do Estado de S\u00e3o Paulo, Capit\u00e3o Wagner Orives, Mauro Louvalho, diretor do SEGASP, Jos\u00e9 Paulo de Carvalho, vice-presidente da AABBSP e, Carlos Saraiva, representante da Penalty.<br \/>\nFizeram parte da bancada de homenagem: Nilton Cifuentes Rom\u00e3o, presidente da FPFS; Affonso Covello, diretor da FPFS; Roberto Gon\u00e7alves, auditor do Tribunal da FPFS; Jos\u00e9 Carlos dos Santos, vice-presidente da FPFS e, Rafael Silva, Deputado Estadual pelo Estado de S\u00e3o Paulo.<br \/>\n\u201cA Federa\u00e7\u00e3o Paulista de Futebol de Sal\u00e3o merece o nosso reconhecimento, \u00e9 um grupo de pessoas valorosas que se dedicam a modalidade\u201d, declarou o Deputado Estadual, Rafael Silva, pe\u00e7a importante que contribuiu para a realiza\u00e7\u00e3o da cerim\u00f4nia.<br \/>\nPara o vice-presidente da entidade, Jos\u00e9 Carlos dos Santos, o ato solene foi uma decis\u00e3o importante a ser tomada em prol dos ex-atletas. \u201cA iniciativa foi excelente, foi uma maneira de premiar todos os ex-atletas da \u2018Bola Pesada\u2019. A iniciativa do presidente Ramon \u00e9 de extrema import\u00e2ncia para o reconhecimento desses atletas\u201d, disse.<br \/>\nRespons\u00e1vel por idealizar a homenagem \u00e0 \u201cGera\u00e7\u00e3o Bola Pesada\u201d &#8211; nome dado ao evento, Nilton Cifuentes Rom\u00e3o n\u00e3o poupou gratula\u00e7\u00e3o aos ex-jogadores e ex-dirigentes de \u00e9pocas passadas.<br \/>\n\u201cEstou muito feliz. Conseguimos reunir todo esse pessoal (ex-jogadores e ex-dirigentes). A gera\u00e7\u00e3o \u201cBola Pesada\u201d, \u00e9poca em que eu tamb\u00e9m atuava nas quadras, \u00e9 a gera\u00e7\u00e3o mais vencedora da nossa modalidade. Agrade\u00e7o por tudo que eles fizeram pela nossa modalidade\u201d, disse Rom\u00e3o, que demonstrou extrema satisfa\u00e7\u00e3o em rela\u00e7\u00e3o a import\u00e2ncia de resgatar \u00e0 mem\u00f3ria e deixar gravado em Ato Solene, aqueles que iniciaram o esporte que hoje \u00e9 o mais praticado no Brasil.<br \/>\nA FPFS &#8211; Federa\u00e7\u00e3o Paulista de Futsal agradece ao Deputado Estadual Rafael Silva, diretores e funcion\u00e1rios que colaboraram para o n\u00edvel de excel\u00eancia deste evento.<br \/>\n<em>Fotos:\u00a0S.A Films &amp; Photography<\/em><br \/>\n<figure id=\"attachment_19105\" aria-describedby=\"caption-attachment-19105\" style=\"width: 492px\" class=\"wp-caption aligncenter\"><a href=\"http:\/\/www.federacaopaulistadefutsal.com.br\/wp-content\/uploads\/2017\/10\/22195788_1476971542357588_8728770257312870440_n.jpg\"><img fetchpriority=\"high\" decoding=\"async\" class=\"wp-image-19105\" src=\"http:\/\/www.federacaopaulistadefutsal.com.br\/wp-content\/uploads\/2017\/10\/22195788_1476971542357588_8728770257312870440_n.jpg\" alt=\"\" width=\"492\" height=\"327\" \/><\/a><figcaption id=\"caption-attachment-19105\" class=\"wp-caption-text\">Fizeram parte da bancada de homenagem: Nilton Cifuentes Rom\u00e3o, presidente da FPFS; Affonso Covello, diretor da FPFS; Roberto Gon\u00e7alves, auditor do Tribunal da FPFS; Jos\u00e9 Carlos dos Santos, vice-presidente da FPFS e, Rafael Silva, Deputado Estadual pelo Estado de S\u00e3o Paulo<\/figcaption><\/figure><br \/>\n<figure id=\"attachment_19106\" aria-describedby=\"caption-attachment-19106\" style=\"width: 489px\" class=\"wp-caption aligncenter\"><a href=\"http:\/\/www.federacaopaulistadefutsal.com.br\/wp-content\/uploads\/2017\/10\/22196091_1476980499023359_2163982133323150992_n.jpg\"><img decoding=\"async\" class=\"wp-image-19106\" src=\"http:\/\/www.federacaopaulistadefutsal.com.br\/wp-content\/uploads\/2017\/10\/22196091_1476980499023359_2163982133323150992_n.jpg\" alt=\"\" width=\"489\" height=\"326\" \/><\/a><figcaption id=\"caption-attachment-19106\" class=\"wp-caption-text\">Ex-jogador de futebol e \u00eddolo do Palmeiras, o ex-atleta Evair tamb\u00e9m compareceu a cerimonia<\/figcaption><\/figure><br \/>\n<figure id=\"attachment_19107\" aria-describedby=\"caption-attachment-19107\" style=\"width: 491px\" class=\"wp-caption aligncenter\"><a href=\"http:\/\/www.federacaopaulistadefutsal.com.br\/wp-content\/uploads\/2017\/10\/22281795_1476992499022159_3502681616213901495_n.jpg\"><img decoding=\"async\" class=\"wp-image-19107\" src=\"http:\/\/www.federacaopaulistadefutsal.com.br\/wp-content\/uploads\/2017\/10\/22281795_1476992499022159_3502681616213901495_n.jpg\" alt=\"\" width=\"491\" height=\"329\" \/><\/a><figcaption id=\"caption-attachment-19107\" class=\"wp-caption-text\">representante da Penalty, Carlos Saraiva (esq.) e Nilton Cifuentes Rom\u00e3o (dir.), presidente da FPFS<\/figcaption><\/figure><br \/>\n<figure id=\"attachment_19108\" aria-describedby=\"caption-attachment-19108\" style=\"width: 490px\" class=\"wp-caption aligncenter\"><a href=\"http:\/\/www.federacaopaulistadefutsal.com.br\/wp-content\/uploads\/2017\/10\/22221736_1476994559021953_2837387358270747353_n.jpg\"><img loading=\"lazy\" decoding=\"async\" class=\"wp-image-19108\" src=\"http:\/\/www.federacaopaulistadefutsal.com.br\/wp-content\/uploads\/2017\/10\/22221736_1476994559021953_2837387358270747353_n.jpg\" alt=\"\" width=\"490\" height=\"327\" \/><\/a><figcaption id=\"caption-attachment-19108\" class=\"wp-caption-text\">Representando o Comandante Geral da Policita Militar do Estado de S\u00e3o Paulo, Capit\u00e3o Wagner Orives (esq.) e o presidente da FPFS, Nilton Cifuentes Rom\u00e3o (dir.)<\/figcaption><\/figure><\/p>\n","protected":false},"excerpt":{"rendered":"<p>Aconteceu na noite da \u00faltima quarta-feira (4), na Assembleia Legislativa do Estado de S\u00e3o Paulo, o Ato Solene, que teve<\/p>\n","protected":false},"author":1,"featured_media":19078,"comment_status":"closed","ping_status":"open","sticky":false,"template":"","format":"standard","meta":{"footnotes":""},"categories":[25],"tags":[314,1004,42,1269],"class_list":["post-19054","post","type-post","status-publish","format-standard","has-post-thumbnail","hentry","category-destaques","tag-ato-solene","tag-ex-jogadores","tag-fpfs","tag-homenagem"],"_links":{"self":[{"href":"https:\/\/www.federacaopaulistadefutsal.com.br\/novo\/wp-json\/wp\/v2\/posts\/19054","targetHints":{"allow":["GET"]}}],"collection":[{"href":"https:\/\/www.federacaopaulistadefutsal.com.br\/novo\/wp-json\/wp\/v2\/posts"}],"about":[{"href":"https:\/\/www.federacaopaulistadefutsal.com.br\/novo\/wp-json\/wp\/v2\/types\/post"}],"author":[{"embeddable":true,"href":"https:\/\/www.federacaopaulistadefutsal.com.br\/novo\/wp-json\/wp\/v2\/users\/1"}],"replies":[{"embeddable":true,"href":"https:\/\/www.federacaopaulistadefutsal.com.br\/novo\/wp-json\/wp\/v2\/comments?post=19054"}],"version-history":[{"count":0,"href":"https:\/\/www.federacaopaulistadefutsal.com.br\/novo\/wp-json\/wp\/v2\/posts\/19054\/revisions"}],"wp:featuredmedia":[{"embeddable":true,"href":"https:\/\/www.federacaopaulistadefutsal.com.br\/novo\/wp-json\/"}],"wp:attachment":[{"href":"https:\/\/www.federacaopaulistadefutsal.com.br\/novo\/wp-json\/wp\/v2\/media?parent=19054"}],"wp:term":[{"taxonomy":"category","embeddable":true,"href":"https:\/\/www.federacaopaulistadefutsal.com.br\/novo\/wp-json\/wp\/v2\/categories?post=19054"},{"taxonomy":"post_tag","embeddable":true,"href":"https:\/\/www.federacaopaulistadefutsal.com.br\/novo\/wp-json\/wp\/v2\/tags?post=19054"}],"curies":[{"name":"wp","href":"https:\/\/api.w.org\/{rel}","templated":true}]}}