{"id":19087,"date":"2017-10-06T20:24:25","date_gmt":"2017-10-06T20:24:25","guid":{"rendered":"http:\/\/www.federacaopaulistadefutsal.com.br\/?p=19087"},"modified":"2017-10-06T20:24:25","modified_gmt":"2017-10-06T20:24:25","slug":"sub-18-liga-leste-reabilitar-busca-vitoria-fora-de-casa-contra-o-aec-100-zala-para-se-manter-na-lideranca-do-estadual-a2-jose-marcos-barbosa-confira-os-jogos-da-rodada","status":"publish","type":"post","link":"https:\/\/www.federacaopaulistadefutsal.com.br\/novo\/sub-18-liga-leste-reabilitar-busca-vitoria-fora-de-casa-contra-o-aec-100-zala-para-se-manter-na-lideranca-do-estadual-a2-jose-marcos-barbosa-confira-os-jogos-da-rodada\/","title":{"rendered":"Sub-18: Liga Leste Reabilitar busca vit\u00f3ria fora de casa contra o AEC 100 Zala para se manter na lideran\u00e7a do Estadual A2 Jos\u00e9 Marcos Barbosa; confira os jogos da rodada"},"content":{"rendered":"<p>07\/10\/17 09:00 &#8211; GIN\u00c1SIO DO SESC &#8211; SUZANO<br \/>\n<b>A.D. Suzano Futsal x\u00a0A.F.M.T. Taubat\u00e9\u00a0<\/b><br \/>\n07\/10\/17 10:00 &#8211; Gin\u00e1sio Complexo Jorge Wrede<br \/>\n<b>UFMV &#8211; Franco da Rocha Futsal x\u00a0A.D. Mogi das Cruzes\/Vila Santista<\/b><br \/>\n07\/10\/17 14:00 &#8211; Gin\u00e1sio Municipal Victor Savala<br \/>\n<b>E.C. Hortol\u00e2ndia Futsal x\u00a0A. Uni\u00e3o Mau\u00e1\/G.E. Mauaense<\/b><br \/>\n08\/10\/17 09:00 &#8211; Gin\u00e1sio Presidente Ciro I<br \/>\n<b>AEC 100 Zala x\u00a0Liga Leste Reabilitar<\/b><br \/>\n08\/10\/17 14:00 &#8211; GIN\u00c1SIO MIGUEL SANTIAGO<br \/>\n<b>Instituto Famil\u00eda Futsal\/SEJEL Lorena x\u00a0Luso Brasileiro<\/b><\/p>\n","protected":false},"excerpt":{"rendered":"<p>07\/10\/17 09:00 &#8211; GIN\u00c1SIO DO SESC &#8211; SUZANO A.D. Suzano Futsal x\u00a0A.F.M.T. Taubat\u00e9\u00a0 07\/10\/17 10:00 &#8211; Gin\u00e1sio Complexo Jorge Wrede<\/p>\n","protected":false},"author":1,"featured_media":18327,"comment_status":"closed","ping_status":"open","sticky":false,"template":"","format":"standard","meta":{"footnotes":""},"categories":[17],"tags":[648,977,42,1131,1643],"class_list":["post-19087","post","type-post","status-publish","format-standard","has-post-thumbnail","hentry","category-estadual-base-a2","tag-competicao","tag-estadual-a2","tag-fpfs","tag-futsal","tag-menores-2"],"_links":{"self":[{"href":"https:\/\/www.federacaopaulistadefutsal.com.br\/novo\/wp-json\/wp\/v2\/posts\/19087","targetHints":{"allow":["GET"]}}],"collection":[{"href":"https:\/\/www.federacaopaulistadefutsal.com.br\/novo\/wp-json\/wp\/v2\/posts"}],"about":[{"href":"https:\/\/www.federacaopaulistadefutsal.com.br\/novo\/wp-json\/wp\/v2\/types\/post"}],"author":[{"embeddable":true,"href":"https:\/\/www.federacaopaulistadefutsal.com.br\/novo\/wp-json\/wp\/v2\/users\/1"}],"replies":[{"embeddable":true,"href":"https:\/\/www.federacaopaulistadefutsal.com.br\/novo\/wp-json\/wp\/v2\/comments?post=19087"}],"version-history":[{"count":0,"href":"https:\/\/www.federacaopaulistadefutsal.com.br\/novo\/wp-json\/wp\/v2\/posts\/19087\/revisions"}],"wp:featuredmedia":[{"embeddable":true,"href":"https:\/\/www.federacaopaulistadefutsal.com.br\/novo\/wp-json\/"}],"wp:attachment":[{"href":"https:\/\/www.federacaopaulistadefutsal.com.br\/novo\/wp-json\/wp\/v2\/media?parent=19087"}],"wp:term":[{"taxonomy":"category","embeddable":true,"href":"https:\/\/www.federacaopaulistadefutsal.com.br\/novo\/wp-json\/wp\/v2\/categories?post=19087"},{"taxonomy":"post_tag","embeddable":true,"href":"https:\/\/www.federacaopaulistadefutsal.com.br\/novo\/wp-json\/wp\/v2\/tags?post=19087"}],"curies":[{"name":"wp","href":"https:\/\/api.w.org\/{rel}","templated":true}]}}