{"id":19090,"date":"2017-10-06T14:36:20","date_gmt":"2017-10-06T14:36:20","guid":{"rendered":"http:\/\/www.federacaopaulistadefutsal.com.br\/?p=19090"},"modified":"2017-10-06T14:36:20","modified_gmt":"2017-10-06T14:36:20","slug":"pela-copa-paulista-sao-jose-encara-o-tempersuldracena-fora-de-casa","status":"publish","type":"post","link":"https:\/\/www.federacaopaulistadefutsal.com.br\/novo\/pela-copa-paulista-sao-jose-encara-o-tempersuldracena-fora-de-casa\/","title":{"rendered":"Pela Copa Paulista, S\u00e3o Jos\u00e9 encara o Tempersul\/Dracena fora de casa"},"content":{"rendered":"<p style=\"text-align: justify;\">O S\u00e3o Jos\u00e9 Futsal\/Mangua\u00e7a FS\/Vale Sul Shopping viaja nesta sexta-feira (6) para Dracena (Interior de SP), onde encara o time local, pela segunda rodada da Copa Paulista.<\/p>\n<p style=\"text-align: justify;\">Com o empate conquistado na estreia, os joseenses aparecem no quarto lugar do Grupo B, com um jogo a menos que praticamente todas as equipes da chave. A exce\u00e7\u00e3o \u00e9 o pr\u00f3prio Dracena, j\u00e1 que adiou a primeira partida contra a pr\u00f3pria equipe de S\u00e3o Jos\u00e9 dos Campos.<\/p>\n<p style=\"text-align: justify;\">Para o coordenador t\u00e9cnico Firma, essa primeira rodada j\u00e1 mostrou muito do esfor\u00e7o da equipe e do clube nesse come\u00e7o de campeonato.<\/p>\n<p style=\"text-align: justify;\">&#8220;Acredito que estabelecemos um recorde juntamente com os nossos parceiros montar, estruturar e colocar em quadra uma equipe em apenas oito dias. Mesmo com o pouco entrosamento, tivemos totais condi\u00e7\u00f5es de vencer a primeira partida do campeonato, onde acabamos levando o empate faltando apenas dois minutos para o fim do jogo\u2019\u2019.<\/p>\n<p style=\"text-align: justify;\">Apesar do pouco tempo juntos, toda a equipe do S\u00e3o Jos\u00e9 Futsal \/ Mangua\u00e7a FS \/ Vale Sul Shopping se comportou muito bem em quadra no primeiro confronto da Copa Paulista, mostrando que tem condi\u00e7\u00f5es de classifica\u00e7\u00e3o na competi\u00e7\u00e3o. Assim \u00e9 a ideia de Firma para o segundo jogo.<\/p>\n<p style=\"text-align: justify;\">\u2018\u2019Vamos minimizar os erros para este jogo e, com respeito ao advers\u00e1rio, buscar um bom resultado fora de casa\u201d.<\/p>\n<p><em>Informa\u00e7\u00f5es e foto: Assessoria de Imprensa S\u00e3o Jos\u00e9 Futsal\/Mangua\u00e7a FS\/Vale Sul Shopping<\/em><\/p>\n","protected":false},"excerpt":{"rendered":"<p>O S\u00e3o Jos\u00e9 Futsal\/Mangua\u00e7a FS\/Vale Sul Shopping viaja nesta sexta-feira (6) para Dracena (Interior de SP), onde encara o time<\/p>\n","protected":false},"author":1,"featured_media":19092,"comment_status":"closed","ping_status":"open","sticky":false,"template":"","format":"standard","meta":{"footnotes":""},"categories":[23],"tags":[718,42,1556,2201,2429],"class_list":["post-19090","post","type-post","status-publish","format-standard","has-post-thumbnail","hentry","category-copa-paulista","tag-copa-paulista","tag-fpfs","tag-lpf","tag-sao-jose-futsal","tag-tempersuldracena"],"_links":{"self":[{"href":"https:\/\/www.federacaopaulistadefutsal.com.br\/novo\/wp-json\/wp\/v2\/posts\/19090","targetHints":{"allow":["GET"]}}],"collection":[{"href":"https:\/\/www.federacaopaulistadefutsal.com.br\/novo\/wp-json\/wp\/v2\/posts"}],"about":[{"href":"https:\/\/www.federacaopaulistadefutsal.com.br\/novo\/wp-json\/wp\/v2\/types\/post"}],"author":[{"embeddable":true,"href":"https:\/\/www.federacaopaulistadefutsal.com.br\/novo\/wp-json\/wp\/v2\/users\/1"}],"replies":[{"embeddable":true,"href":"https:\/\/www.federacaopaulistadefutsal.com.br\/novo\/wp-json\/wp\/v2\/comments?post=19090"}],"version-history":[{"count":0,"href":"https:\/\/www.federacaopaulistadefutsal.com.br\/novo\/wp-json\/wp\/v2\/posts\/19090\/revisions"}],"wp:featuredmedia":[{"embeddable":true,"href":"https:\/\/www.federacaopaulistadefutsal.com.br\/novo\/wp-json\/"}],"wp:attachment":[{"href":"https:\/\/www.federacaopaulistadefutsal.com.br\/novo\/wp-json\/wp\/v2\/media?parent=19090"}],"wp:term":[{"taxonomy":"category","embeddable":true,"href":"https:\/\/www.federacaopaulistadefutsal.com.br\/novo\/wp-json\/wp\/v2\/categories?post=19090"},{"taxonomy":"post_tag","embeddable":true,"href":"https:\/\/www.federacaopaulistadefutsal.com.br\/novo\/wp-json\/wp\/v2\/tags?post=19090"}],"curies":[{"name":"wp","href":"https:\/\/api.w.org\/{rel}","templated":true}]}}