{"id":19302,"date":"2017-10-14T17:42:34","date_gmt":"2017-10-14T17:42:34","guid":{"rendered":"http:\/\/www.federacaopaulistadefutsal.com.br\/?p=19302"},"modified":"2017-10-14T17:42:34","modified_gmt":"2017-10-14T17:42:34","slug":"intelli-e-hortolandia-se-enfrentam-de-olho-na-primeira-vitoria","status":"publish","type":"post","link":"https:\/\/www.federacaopaulistadefutsal.com.br\/novo\/intelli-e-hortolandia-se-enfrentam-de-olho-na-primeira-vitoria\/","title":{"rendered":"Intelli e Hortol\u00e2ndia se enfrentam de olho na primeira vit\u00f3ria"},"content":{"rendered":"<p>Ainda sem pontuarem na Copa Paulista, Intelli\/Recon\/Para\u00edso\/MRG e Hortol\u00e2ndia Futsal se enfrentam neste s\u00e1bado (14), \u00e0s 18h, na Arena Jo\u00e3o Mambrini, em S\u00e3o Sebasti\u00e3o do Para\u00edso (MG). As duas equipes integram a Chave A, que tem como l\u00edderes o G.R. Barueri e a ADC Ford\/Taubat\u00e9, ambas com seis pontos ganhos.<br \/>\nA Intelli sagrou-se campe\u00e3 da Copa Paulista em 2015, ap\u00f3s decidir o t\u00edtulo contra a Yoka\/AcR\/Unisal e vem de uma derrota contra a Ford Taubat\u00e9 , enquanto o Hortol\u00e2ndia far\u00e1 a estreia na competi\u00e7\u00e3o.<br \/>\nFazem parte da chave A, al\u00e9m de ADC Ford Taubat\u00e9, G.R. Barueri, Intelli e Hortol\u00e2ndia, a A.A FIB e o Pulo do Gato Futsal.<br \/>\n&nbsp;<br \/>\n&nbsp;<\/p>\n","protected":false},"excerpt":{"rendered":"<p>Ainda sem pontuarem na Copa Paulista, Intelli\/Recon\/Para\u00edso\/MRG e Hortol\u00e2ndia Futsal se enfrentam neste s\u00e1bado (14), \u00e0s 18h, na Arena Jo\u00e3o<\/p>\n","protected":false},"author":1,"featured_media":19304,"comment_status":"closed","ping_status":"open","sticky":false,"template":"","format":"standard","meta":{"footnotes":""},"categories":[23,25],"tags":[171,718,895,42,1556],"class_list":["post-19302","post","type-post","status-publish","format-standard","has-post-thumbnail","hentry","category-copa-paulista","category-destaques","tag-adc-intelli","tag-copa-paulista","tag-e-c-hortolandia","tag-fpfs","tag-lpf"],"_links":{"self":[{"href":"https:\/\/www.federacaopaulistadefutsal.com.br\/novo\/wp-json\/wp\/v2\/posts\/19302","targetHints":{"allow":["GET"]}}],"collection":[{"href":"https:\/\/www.federacaopaulistadefutsal.com.br\/novo\/wp-json\/wp\/v2\/posts"}],"about":[{"href":"https:\/\/www.federacaopaulistadefutsal.com.br\/novo\/wp-json\/wp\/v2\/types\/post"}],"author":[{"embeddable":true,"href":"https:\/\/www.federacaopaulistadefutsal.com.br\/novo\/wp-json\/wp\/v2\/users\/1"}],"replies":[{"embeddable":true,"href":"https:\/\/www.federacaopaulistadefutsal.com.br\/novo\/wp-json\/wp\/v2\/comments?post=19302"}],"version-history":[{"count":0,"href":"https:\/\/www.federacaopaulistadefutsal.com.br\/novo\/wp-json\/wp\/v2\/posts\/19302\/revisions"}],"wp:featuredmedia":[{"embeddable":true,"href":"https:\/\/www.federacaopaulistadefutsal.com.br\/novo\/wp-json\/"}],"wp:attachment":[{"href":"https:\/\/www.federacaopaulistadefutsal.com.br\/novo\/wp-json\/wp\/v2\/media?parent=19302"}],"wp:term":[{"taxonomy":"category","embeddable":true,"href":"https:\/\/www.federacaopaulistadefutsal.com.br\/novo\/wp-json\/wp\/v2\/categories?post=19302"},{"taxonomy":"post_tag","embeddable":true,"href":"https:\/\/www.federacaopaulistadefutsal.com.br\/novo\/wp-json\/wp\/v2\/tags?post=19302"}],"curies":[{"name":"wp","href":"https:\/\/api.w.org\/{rel}","templated":true}]}}