{"id":19590,"date":"2017-10-25T11:00:49","date_gmt":"2017-10-25T11:00:49","guid":{"rendered":"http:\/\/www.federacaopaulistadefutsal.com.br\/?p=19590"},"modified":"2017-10-25T11:00:49","modified_gmt":"2017-10-25T11:00:49","slug":"a-a-fib-conquista-titulo-inedito-no-futsal-feminino","status":"publish","type":"post","link":"https:\/\/www.federacaopaulistadefutsal.com.br\/novo\/a-a-fib-conquista-titulo-inedito-no-futsal-feminino\/","title":{"rendered":"A.A. FIB conquista t\u00edtulo in\u00e9dito no futsal feminino"},"content":{"rendered":"<p>De maneira in\u00e9dita, a Associa\u00e7\u00e3o Atl\u00e9tica FIB conquistou um t\u00edtulo no futsal feminino. Em parceria com a Secretaria Municipal de Esportes e Lazer (SEMEL), a equipe bauruense iniciou o projeto com o elenco adulto feminino em mar\u00e7o e, neste domingo (22), levantou a ta\u00e7a da Copa Paulista do Interior.<br \/>\nA competi\u00e7\u00e3o reuniu os times de Brotas, Lins, Ourinhos, Presidente Prudente, Birigui e Piraju\u00ed, com as bauruenses sofrendo apenas uma derrota na vitoriosa campanha.<br \/>\nA A.A. FIB\/SEMEL estreou derrotando Brotas por 3 x 2; depois, na segunda rodada, fez 3 x 1 sobre o time de Lins, por\u00e9m, acabou perdendo de 3 x 0 do time de Ourinhos no fechamento da primeira fase, que classificou quatro equipes \u00e0 semifinal.<br \/>\nPara chegar \u00e0 decis\u00e3o, a equipe de Bauru passou por Presidente Prudente: com um empate por 1 x 1 no tempo regulamentar, a vaga na grande final foi decidida nas penalidades e a A.A. FIB\/SEMEL levou a melhor: 3 x 2.<br \/>\nO advers\u00e1rio bauruense na disputa pela ta\u00e7a da Copa Paulista do Interior de Futsal Feminino foi Ourinhos. As garotas da A.A. FIB\/SEMEL superaram o algoz da primeira fase e foram campe\u00e3s com uma vit\u00f3ria por 1 x 0.<br \/>\n\u201cQuero enaltecer a garra e a dedica\u00e7\u00e3o das aletas Riciene, Cristiane, Milena Bonfim, Di, Roberta, Haysa, Bia, Mileninha e Suelen que formaram o grupo que conquistou esse t\u00edtulo in\u00e9dito para nossa equipe\u201d, parabenizou Everton Carvalho da Silva, o Alem\u00e3o, que al\u00e9m de treinar o elenco masculino, tamb\u00e9m foi t\u00e9cnico da equipe feminina.<br \/>\n<em>Com informa\u00e7\u00f5es e foto: Assessoria de Imprensa A.A. FIB\/Rafael Peloso<\/em><\/p>\n","protected":false},"excerpt":{"rendered":"<p>De maneira in\u00e9dita, a Associa\u00e7\u00e3o Atl\u00e9tica FIB conquistou um t\u00edtulo no futsal feminino. Em parceria com a Secretaria Municipal de<\/p>\n","protected":false},"author":1,"featured_media":19591,"comment_status":"closed","ping_status":"open","sticky":false,"template":"","format":"standard","meta":{"footnotes":""},"categories":[25,26],"tags":[128,545,42,1138],"class_list":["post-19590","post","type-post","status-publish","format-standard","has-post-thumbnail","hentry","category-destaques","category-feminino","tag-aa-fib","tag-categoria-maiores","tag-fpfs","tag-futsal-feminino"],"_links":{"self":[{"href":"https:\/\/www.federacaopaulistadefutsal.com.br\/novo\/wp-json\/wp\/v2\/posts\/19590","targetHints":{"allow":["GET"]}}],"collection":[{"href":"https:\/\/www.federacaopaulistadefutsal.com.br\/novo\/wp-json\/wp\/v2\/posts"}],"about":[{"href":"https:\/\/www.federacaopaulistadefutsal.com.br\/novo\/wp-json\/wp\/v2\/types\/post"}],"author":[{"embeddable":true,"href":"https:\/\/www.federacaopaulistadefutsal.com.br\/novo\/wp-json\/wp\/v2\/users\/1"}],"replies":[{"embeddable":true,"href":"https:\/\/www.federacaopaulistadefutsal.com.br\/novo\/wp-json\/wp\/v2\/comments?post=19590"}],"version-history":[{"count":0,"href":"https:\/\/www.federacaopaulistadefutsal.com.br\/novo\/wp-json\/wp\/v2\/posts\/19590\/revisions"}],"wp:featuredmedia":[{"embeddable":true,"href":"https:\/\/www.federacaopaulistadefutsal.com.br\/novo\/wp-json\/"}],"wp:attachment":[{"href":"https:\/\/www.federacaopaulistadefutsal.com.br\/novo\/wp-json\/wp\/v2\/media?parent=19590"}],"wp:term":[{"taxonomy":"category","embeddable":true,"href":"https:\/\/www.federacaopaulistadefutsal.com.br\/novo\/wp-json\/wp\/v2\/categories?post=19590"},{"taxonomy":"post_tag","embeddable":true,"href":"https:\/\/www.federacaopaulistadefutsal.com.br\/novo\/wp-json\/wp\/v2\/tags?post=19590"}],"curies":[{"name":"wp","href":"https:\/\/api.w.org\/{rel}","templated":true}]}}