{"id":19600,"date":"2017-10-25T20:18:54","date_gmt":"2017-10-25T20:18:54","guid":{"rendered":"http:\/\/www.federacaopaulistadefutsal.com.br\/?p=19600"},"modified":"2017-10-25T20:18:54","modified_gmt":"2017-10-25T20:18:54","slug":"a-d-mogi-das-cruzesvila-santista-perde-em-casa-e-deixa-escapar-chance-de-chegar-a-lideranca-confira-os-resultados-dos-jogos-do-fim-de-semana-no-estadual-a2","status":"publish","type":"post","link":"https:\/\/www.federacaopaulistadefutsal.com.br\/novo\/a-d-mogi-das-cruzesvila-santista-perde-em-casa-e-deixa-escapar-chance-de-chegar-a-lideranca-confira-os-resultados-dos-jogos-do-fim-de-semana-no-estadual-a2\/","title":{"rendered":"Sub-14: A.D. Mogi das Cruzes perde em casa e deixa escapar chance de chegar \u00e0 lideran\u00e7a; confira os resultados do Estadual A2 Jos\u00e9 Marcos Barbosa"},"content":{"rendered":"<p>21\/10\/17 10:15 &#8211; Gin\u00e1sio Presidente Ciro II<br \/>\n<b>A.D. Mogi das Cruzes\/Vila Santista 0 x 3\u00a0C.T.C. Vila Ema<\/b><br \/>\n21\/10\/17 10:15 &#8211; Gin\u00e1sio Presidente Ciro I<br \/>\n<b>Instituto Famil\u00eda Futsal\/SEJEL Lorena 0 x 0\u00a0UFMV &#8211; Franco da Rocha Futsal<\/b><br \/>\n22\/10\/17 10:15 &#8211; Gin\u00e1sio Presidente Ciro II<br \/>\n<b>A. Uni\u00e3o Mau\u00e1\/G.E. Mauaense 3 x 0\u00a0E.C. Hortol\u00e2ndia Futsal<\/b><br \/>\n22\/10\/17 10:15 &#8211; Gin\u00e1sio Presidente Ciro I<br \/>\n<b>A.F.M.T. Taubat\u00e9 3 x 1\u00a0Luso Brasileiro<\/b><br \/>\n<a href=\"http:\/\/www.federacaopaulistadefutsal.com.br\/wp-content\/uploads\/2017\/10\/Sem-t\u00edtulo.jpg\"><img fetchpriority=\"high\" decoding=\"async\" class=\"aligncenter wp-image-19604\" src=\"http:\/\/www.federacaopaulistadefutsal.com.br\/wp-content\/uploads\/2017\/10\/Sem-t\u00edtulo.jpg\" alt=\"\" width=\"1110\" height=\"562\" \/><\/a><\/p>\n","protected":false},"excerpt":{"rendered":"<p>21\/10\/17 10:15 &#8211; Gin\u00e1sio Presidente Ciro II A.D. Mogi das Cruzes\/Vila Santista 0 x 3\u00a0C.T.C. Vila Ema 21\/10\/17 10:15 &#8211;<\/p>\n","protected":false},"author":1,"featured_media":19196,"comment_status":"closed","ping_status":"open","sticky":false,"template":"","format":"standard","meta":{"footnotes":""},"categories":[17],"tags":[124,475,546,42],"class_list":["post-19600","post","type-post","status-publish","format-standard","has-post-thumbnail","hentry","category-estadual-base-a2","tag-a2","tag-campeonato-estadual","tag-categoria-menores","tag-fpfs"],"_links":{"self":[{"href":"https:\/\/www.federacaopaulistadefutsal.com.br\/novo\/wp-json\/wp\/v2\/posts\/19600","targetHints":{"allow":["GET"]}}],"collection":[{"href":"https:\/\/www.federacaopaulistadefutsal.com.br\/novo\/wp-json\/wp\/v2\/posts"}],"about":[{"href":"https:\/\/www.federacaopaulistadefutsal.com.br\/novo\/wp-json\/wp\/v2\/types\/post"}],"author":[{"embeddable":true,"href":"https:\/\/www.federacaopaulistadefutsal.com.br\/novo\/wp-json\/wp\/v2\/users\/1"}],"replies":[{"embeddable":true,"href":"https:\/\/www.federacaopaulistadefutsal.com.br\/novo\/wp-json\/wp\/v2\/comments?post=19600"}],"version-history":[{"count":0,"href":"https:\/\/www.federacaopaulistadefutsal.com.br\/novo\/wp-json\/wp\/v2\/posts\/19600\/revisions"}],"wp:featuredmedia":[{"embeddable":true,"href":"https:\/\/www.federacaopaulistadefutsal.com.br\/novo\/wp-json\/"}],"wp:attachment":[{"href":"https:\/\/www.federacaopaulistadefutsal.com.br\/novo\/wp-json\/wp\/v2\/media?parent=19600"}],"wp:term":[{"taxonomy":"category","embeddable":true,"href":"https:\/\/www.federacaopaulistadefutsal.com.br\/novo\/wp-json\/wp\/v2\/categories?post=19600"},{"taxonomy":"post_tag","embeddable":true,"href":"https:\/\/www.federacaopaulistadefutsal.com.br\/novo\/wp-json\/wp\/v2\/tags?post=19600"}],"curies":[{"name":"wp","href":"https:\/\/api.w.org\/{rel}","templated":true}]}}