{"id":19629,"date":"2017-10-26T19:36:24","date_gmt":"2017-10-26T19:36:24","guid":{"rendered":"http:\/\/www.federacaopaulistadefutsal.com.br\/?p=19629"},"modified":"2017-10-26T19:36:24","modified_gmt":"2017-10-26T19:36:24","slug":"ultima-rodada-da-1a-primeira-fase-do-estadual-a2-jose-marcos-barbosa-acontece-neste-fim-de-semana-confira-as-partidas","status":"publish","type":"post","link":"https:\/\/www.federacaopaulistadefutsal.com.br\/novo\/ultima-rodada-da-1a-primeira-fase-do-estadual-a2-jose-marcos-barbosa-acontece-neste-fim-de-semana-confira-as-partidas\/","title":{"rendered":"Sub-12: \u00daltima rodada da 1a primeira fase do Estadual A2 Jos\u00e9 Marcos Barbosa acontece neste fim de semana; confira as partidas"},"content":{"rendered":"<p>28\/10\/17 11:00 &#8211; Gin\u00e1sio Presidente Ciro II<br \/>\n<b>A. Uni\u00e3o Mau\u00e1\/G.E. Mauaense x\u00a0A.D. Suzano Futsal<\/b><br \/>\n28\/10\/17 11:00 &#8211; Gin\u00e1sio Presidente Ciro I<br \/>\n<b>G.R. Itapevi x\u00a0SEMELP Pinda\/ C.P.P.\/A.A. Ferrovi\u00e1ria\u00a0<\/b><br \/>\n29\/10\/17 11:00 &#8211; Gin\u00e1sio Presidente Ciro II<br \/>\n<b>Luso Brasileiro x\u00a0S\u00e3o Paulo F.C. &#8211; B<\/b><br \/>\n31\/12\/17 17:15 &#8211; Gin\u00e1sio Dr. Antonio Leme Nunes Galv\u00e3o<br \/>\n<b>S\u00e3o Paulo F.C. &#8211; B x\u00a0UFMV &#8211; Franco da Rocha Futsal<\/b><\/p>\n","protected":false},"excerpt":{"rendered":"<p>28\/10\/17 11:00 &#8211; Gin\u00e1sio Presidente Ciro II A. Uni\u00e3o Mau\u00e1\/G.E. Mauaense x\u00a0A.D. Suzano Futsal 28\/10\/17 11:00 &#8211; Gin\u00e1sio Presidente Ciro<\/p>\n","protected":false},"author":1,"featured_media":19507,"comment_status":"closed","ping_status":"open","sticky":false,"template":"","format":"standard","meta":{"footnotes":""},"categories":[17],"tags":[477,648,42,1150],"class_list":["post-19629","post","type-post","status-publish","format-standard","has-post-thumbnail","hentry","category-estadual-base-a2","tag-campeonato-estadual-serie-a2","tag-competicao","tag-fpfs","tag-futsal-menores"],"_links":{"self":[{"href":"https:\/\/www.federacaopaulistadefutsal.com.br\/novo\/wp-json\/wp\/v2\/posts\/19629","targetHints":{"allow":["GET"]}}],"collection":[{"href":"https:\/\/www.federacaopaulistadefutsal.com.br\/novo\/wp-json\/wp\/v2\/posts"}],"about":[{"href":"https:\/\/www.federacaopaulistadefutsal.com.br\/novo\/wp-json\/wp\/v2\/types\/post"}],"author":[{"embeddable":true,"href":"https:\/\/www.federacaopaulistadefutsal.com.br\/novo\/wp-json\/wp\/v2\/users\/1"}],"replies":[{"embeddable":true,"href":"https:\/\/www.federacaopaulistadefutsal.com.br\/novo\/wp-json\/wp\/v2\/comments?post=19629"}],"version-history":[{"count":0,"href":"https:\/\/www.federacaopaulistadefutsal.com.br\/novo\/wp-json\/wp\/v2\/posts\/19629\/revisions"}],"wp:featuredmedia":[{"embeddable":true,"href":"https:\/\/www.federacaopaulistadefutsal.com.br\/novo\/wp-json\/"}],"wp:attachment":[{"href":"https:\/\/www.federacaopaulistadefutsal.com.br\/novo\/wp-json\/wp\/v2\/media?parent=19629"}],"wp:term":[{"taxonomy":"category","embeddable":true,"href":"https:\/\/www.federacaopaulistadefutsal.com.br\/novo\/wp-json\/wp\/v2\/categories?post=19629"},{"taxonomy":"post_tag","embeddable":true,"href":"https:\/\/www.federacaopaulistadefutsal.com.br\/novo\/wp-json\/wp\/v2\/tags?post=19629"}],"curies":[{"name":"wp","href":"https:\/\/api.w.org\/{rel}","templated":true}]}}