{"id":19657,"date":"2017-10-27T20:16:04","date_gmt":"2017-10-27T20:16:04","guid":{"rendered":"http:\/\/www.federacaopaulistadefutsal.com.br\/?p=19657"},"modified":"2017-10-27T20:16:04","modified_gmt":"2017-10-27T20:16:04","slug":"sub-14-para-vencer-e-permanecer-na-lideranca-aec-100-zala-recebe-a-liga-leste-reabilitar-confira-os-demais-jogos-do-estadual-a2-jose-marcos-barbosa","status":"publish","type":"post","link":"https:\/\/www.federacaopaulistadefutsal.com.br\/novo\/sub-14-para-vencer-e-permanecer-na-lideranca-aec-100-zala-recebe-a-liga-leste-reabilitar-confira-os-demais-jogos-do-estadual-a2-jose-marcos-barbosa\/","title":{"rendered":"Sub-14: Visando a perman\u00eancia da lideran\u00e7a, AEC 100 Zala recebe a Liga Leste Reabilitar; confira os demais jogos do Estadual A2 Jos\u00e9 Marcos Barbosa"},"content":{"rendered":"<p>28\/10\/17 10:15 &#8211; Gin\u00e1sio Presidente Ciro II<br \/>\n<b>S\u00e3o Paulo F.C. &#8211; B x\u00a0G.R. Itapevi<\/b><br \/>\n28\/10\/17 10:15 &#8211; Gin\u00e1sio Presidente Ciro I<br \/>\n<b>A.D. Suzano Futsal x\u00a0SEMELP Pinda\/ C.P.P.\/A.A. Ferrovi\u00e1ria<\/b><br \/>\n29\/10\/17 10:15 &#8211; Gin\u00e1sio Presidente Ciro II<br \/>\n<b>AEC 100 Zala x\u00a0Liga Leste Reabilitar\u00a0<\/b><br \/>\n31\/12\/17 16:30 &#8211; Gin\u00e1sio Dr. Antonio Leme Nunes Galv\u00e3o<br \/>\n<b>S\u00e3o Paulo F.C. &#8211; B x\u00a0UFMV &#8211; Franco da Rocha Futsal<\/b><\/p>\n","protected":false},"excerpt":{"rendered":"<p>28\/10\/17 10:15 &#8211; Gin\u00e1sio Presidente Ciro II S\u00e3o Paulo F.C. &#8211; B x\u00a0G.R. Itapevi 28\/10\/17 10:15 &#8211; Gin\u00e1sio Presidente Ciro<\/p>\n","protected":false},"author":1,"featured_media":19507,"comment_status":"closed","ping_status":"open","sticky":false,"template":"","format":"standard","meta":{"footnotes":""},"categories":[17],"tags":[124,475,648,42,2348],"class_list":["post-19657","post","type-post","status-publish","format-standard","has-post-thumbnail","hentry","category-estadual-base-a2","tag-a2","tag-campeonato-estadual","tag-competicao","tag-fpfs","tag-sub-14"],"_links":{"self":[{"href":"https:\/\/www.federacaopaulistadefutsal.com.br\/novo\/wp-json\/wp\/v2\/posts\/19657","targetHints":{"allow":["GET"]}}],"collection":[{"href":"https:\/\/www.federacaopaulistadefutsal.com.br\/novo\/wp-json\/wp\/v2\/posts"}],"about":[{"href":"https:\/\/www.federacaopaulistadefutsal.com.br\/novo\/wp-json\/wp\/v2\/types\/post"}],"author":[{"embeddable":true,"href":"https:\/\/www.federacaopaulistadefutsal.com.br\/novo\/wp-json\/wp\/v2\/users\/1"}],"replies":[{"embeddable":true,"href":"https:\/\/www.federacaopaulistadefutsal.com.br\/novo\/wp-json\/wp\/v2\/comments?post=19657"}],"version-history":[{"count":0,"href":"https:\/\/www.federacaopaulistadefutsal.com.br\/novo\/wp-json\/wp\/v2\/posts\/19657\/revisions"}],"wp:featuredmedia":[{"embeddable":true,"href":"https:\/\/www.federacaopaulistadefutsal.com.br\/novo\/wp-json\/"}],"wp:attachment":[{"href":"https:\/\/www.federacaopaulistadefutsal.com.br\/novo\/wp-json\/wp\/v2\/media?parent=19657"}],"wp:term":[{"taxonomy":"category","embeddable":true,"href":"https:\/\/www.federacaopaulistadefutsal.com.br\/novo\/wp-json\/wp\/v2\/categories?post=19657"},{"taxonomy":"post_tag","embeddable":true,"href":"https:\/\/www.federacaopaulistadefutsal.com.br\/novo\/wp-json\/wp\/v2\/tags?post=19657"}],"curies":[{"name":"wp","href":"https:\/\/api.w.org\/{rel}","templated":true}]}}