{"id":20160,"date":"2017-11-16T11:18:33","date_gmt":"2017-11-16T11:18:33","guid":{"rendered":"http:\/\/www.federacaopaulistadefutsal.com.br\/?p=20160"},"modified":"2017-11-16T11:18:33","modified_gmt":"2017-11-16T11:18:33","slug":"jogadores-de-corinthians-e-intelli-disputam-vagas-na-selecao-da-liga-nacional-de-futsal-2017","status":"publish","type":"post","link":"https:\/\/www.federacaopaulistadefutsal.com.br\/novo\/jogadores-de-corinthians-e-intelli-disputam-vagas-na-selecao-da-liga-nacional-de-futsal-2017\/","title":{"rendered":"Jogadores de Corinthians e Intelli disputam vagas na Sele\u00e7\u00e3o da Liga Nacional de Futsal 2017"},"content":{"rendered":"<p>Nesta ter\u00e7a-feira (14), o site da Liga Nacional de Futsal abriu vota\u00e7\u00e3o para a escolha da Sele\u00e7\u00e3o LNF 2017. O p\u00fablico pode escolher uma de tr\u00eas op\u00e7\u00f5es em cada uma das categorias. A vota\u00e7\u00e3o vai at\u00e9 dia 23 de novembro.<br \/>\nO Corinthians encontra-se representado na posi\u00e7\u00e3o de goleiro, com o camisa 91, Guitta, e ala esquerdo, com o camisa 10, Alex.<br \/>\nJ\u00e1 pelo lado da Intelli, quem concorre \u00e9 o jogador Well, como atleta revela\u00e7\u00e3o da competi\u00e7\u00e3o.<br \/>\nBasta clicar <a href=\"http:\/\/ligafutsal.com.br\/noticias\/aberta-a-votacao-da-selecao-lnf2017\/\">aqui<\/a> para participar da vota\u00e7\u00e3o.<\/p>\n","protected":false},"excerpt":{"rendered":"<p>Nesta ter\u00e7a-feira (14), o site da Liga Nacional de Futsal abriu vota\u00e7\u00e3o para a escolha da Sele\u00e7\u00e3o LNF 2017. O<\/p>\n","protected":false},"author":1,"featured_media":20163,"comment_status":"closed","ping_status":"open","sticky":false,"template":"","format":"standard","meta":{"footnotes":""},"categories":[25,30,32],"tags":[171,651,1546,2151],"class_list":["post-20160","post","type-post","status-publish","format-standard","has-post-thumbnail","hentry","category-destaques","category-liga-nacional-de-futsal","category-maiores","tag-adc-intelli","tag-competicao-nacional","tag-lnf","tag-s-c-corinthians"],"_links":{"self":[{"href":"https:\/\/www.federacaopaulistadefutsal.com.br\/novo\/wp-json\/wp\/v2\/posts\/20160","targetHints":{"allow":["GET"]}}],"collection":[{"href":"https:\/\/www.federacaopaulistadefutsal.com.br\/novo\/wp-json\/wp\/v2\/posts"}],"about":[{"href":"https:\/\/www.federacaopaulistadefutsal.com.br\/novo\/wp-json\/wp\/v2\/types\/post"}],"author":[{"embeddable":true,"href":"https:\/\/www.federacaopaulistadefutsal.com.br\/novo\/wp-json\/wp\/v2\/users\/1"}],"replies":[{"embeddable":true,"href":"https:\/\/www.federacaopaulistadefutsal.com.br\/novo\/wp-json\/wp\/v2\/comments?post=20160"}],"version-history":[{"count":0,"href":"https:\/\/www.federacaopaulistadefutsal.com.br\/novo\/wp-json\/wp\/v2\/posts\/20160\/revisions"}],"wp:featuredmedia":[{"embeddable":true,"href":"https:\/\/www.federacaopaulistadefutsal.com.br\/novo\/wp-json\/"}],"wp:attachment":[{"href":"https:\/\/www.federacaopaulistadefutsal.com.br\/novo\/wp-json\/wp\/v2\/media?parent=20160"}],"wp:term":[{"taxonomy":"category","embeddable":true,"href":"https:\/\/www.federacaopaulistadefutsal.com.br\/novo\/wp-json\/wp\/v2\/categories?post=20160"},{"taxonomy":"post_tag","embeddable":true,"href":"https:\/\/www.federacaopaulistadefutsal.com.br\/novo\/wp-json\/wp\/v2\/tags?post=20160"}],"curies":[{"name":"wp","href":"https:\/\/api.w.org\/{rel}","templated":true}]}}