{"id":20210,"date":"2017-11-19T16:52:15","date_gmt":"2017-11-19T16:52:15","guid":{"rendered":"http:\/\/www.federacaopaulistadefutsal.com.br\/?p=20210"},"modified":"2017-11-19T16:52:15","modified_gmt":"2017-11-19T16:52:15","slug":"selecao-feminina-intensifica-trabalhos-antes-da-competicao-continental","status":"publish","type":"post","link":"https:\/\/www.federacaopaulistadefutsal.com.br\/novo\/selecao-feminina-intensifica-trabalhos-antes-da-competicao-continental\/","title":{"rendered":"Sele\u00e7\u00e3o Feminina intensifica trabalhos antes da competi\u00e7\u00e3o continental"},"content":{"rendered":"<p>A Sele\u00e7\u00e3o Brasileira Feminina de Futsal iniciou os preparativos para a Copa Am\u00e9rica na cidade do Rio de Janeiro. Na \u00faltima quarta-feira (15), o feriado nacional n\u00e3o impediu os trabalhos coordenados pelo t\u00e9cnico Wilson Sab\u00f3ia.<br \/>\nDurante este per\u00edodo de treinos, as meninas encaram um amistoso no domingo (19\/11), quando entram em quadra diante da Sele\u00e7\u00e3o do Rio de Janeiro &#8211; um combinado com representantes de todos os clubes que disputam o Campeonato Carioca.<br \/>\nO amistoso promete ser um bom teste para as meninas do Brasil, que embarcam para o Uruguai, sede da Copa Am\u00e9rica, no dia seguinte.<br \/>\n<em>Informa\u00e7\u00f5es: Assessoria de Imprensa CBFS<\/em><br \/>\n<em>Foto:\u00a0Naiara Gresta<\/em><\/p>\n","protected":false},"excerpt":{"rendered":"<p>A Sele\u00e7\u00e3o Brasileira Feminina de Futsal iniciou os preparativos para a Copa Am\u00e9rica na cidade do Rio de Janeiro. Na<\/p>\n","protected":false},"author":1,"featured_media":20179,"comment_status":"closed","ping_status":"open","sticky":false,"template":"","format":"standard","meta":{"footnotes":""},"categories":[25,35],"tags":[563,701,42,2241],"class_list":["post-20210","post","type-post","status-publish","format-standard","has-post-thumbnail","hentry","category-destaques","category-selecao","tag-cbfs","tag-copa-america","tag-fpfs","tag-selecao-brasileira-de-futsal-feminino"],"_links":{"self":[{"href":"https:\/\/www.federacaopaulistadefutsal.com.br\/novo\/wp-json\/wp\/v2\/posts\/20210","targetHints":{"allow":["GET"]}}],"collection":[{"href":"https:\/\/www.federacaopaulistadefutsal.com.br\/novo\/wp-json\/wp\/v2\/posts"}],"about":[{"href":"https:\/\/www.federacaopaulistadefutsal.com.br\/novo\/wp-json\/wp\/v2\/types\/post"}],"author":[{"embeddable":true,"href":"https:\/\/www.federacaopaulistadefutsal.com.br\/novo\/wp-json\/wp\/v2\/users\/1"}],"replies":[{"embeddable":true,"href":"https:\/\/www.federacaopaulistadefutsal.com.br\/novo\/wp-json\/wp\/v2\/comments?post=20210"}],"version-history":[{"count":0,"href":"https:\/\/www.federacaopaulistadefutsal.com.br\/novo\/wp-json\/wp\/v2\/posts\/20210\/revisions"}],"wp:featuredmedia":[{"embeddable":true,"href":"https:\/\/www.federacaopaulistadefutsal.com.br\/novo\/wp-json\/"}],"wp:attachment":[{"href":"https:\/\/www.federacaopaulistadefutsal.com.br\/novo\/wp-json\/wp\/v2\/media?parent=20210"}],"wp:term":[{"taxonomy":"category","embeddable":true,"href":"https:\/\/www.federacaopaulistadefutsal.com.br\/novo\/wp-json\/wp\/v2\/categories?post=20210"},{"taxonomy":"post_tag","embeddable":true,"href":"https:\/\/www.federacaopaulistadefutsal.com.br\/novo\/wp-json\/wp\/v2\/tags?post=20210"}],"curies":[{"name":"wp","href":"https:\/\/api.w.org\/{rel}","templated":true}]}}