{"id":20339,"date":"2017-11-25T15:28:54","date_gmt":"2017-11-25T15:28:54","guid":{"rendered":"http:\/\/www.federacaopaulistadefutsal.com.br\/?p=20339"},"modified":"2017-11-25T15:28:54","modified_gmt":"2017-11-25T15:28:54","slug":"a-d-mogi-das-cruzes-vila-santista-leva-a-melhor-sobre-a-liga-leste-e-fica-com-o-titulo-do-estadual-a2-jose-marcos-barbosa-serie-ouro","status":"publish","type":"post","link":"https:\/\/www.federacaopaulistadefutsal.com.br\/novo\/a-d-mogi-das-cruzes-vila-santista-leva-a-melhor-sobre-a-liga-leste-e-fica-com-o-titulo-do-estadual-a2-jose-marcos-barbosa-serie-ouro\/","title":{"rendered":"Liga Leste leva a melhor sobre a A.D. Mogi das Cruzes e fica com o t\u00edtulo da categoria Sub-18 no Estadual A2 Jos\u00e9 Marcos Barbosa S\u00e9rie Ouro"},"content":{"rendered":"<p>Na manh\u00e3 deste s\u00e1bado (25), aconteceu a final da categoria Sub-18 do Estadual A2 Jos\u00e9 Marcos Barbosa, na S\u00e9rie Ouro, entre\u00a0\u00a0A.D. Mogi das Cruzes\/Vila Santista e Liga Leste Reabilitar, no Gin\u00e1sio Presidente Ciro II.<br \/>\nPor conta da melhor campanha na competi\u00e7\u00e3o, ap\u00f3s a partida terminar empatada em 3 a 3, o time da Liga Leste ficou com o t\u00edtulo da categoria.<br \/>\nNa primeira etapa, Danilo Rocha, Gabriel Cardoso e Kau\u00ea Marques marcaram os gols da Liga Leste. Ainda no per\u00edodo inicial, a A.D. Mogi das Cruzes balan\u00e7ou as redes duas vezes: com Deivid Ribeiro e Gabriel Fernandes.<br \/>\nNo segundo tempo, o empate do Mogi veio com Leonardo, definindo o resultado, insuficiente para tirar o t\u00edtulo do time da capital paulista.<br \/>\n<figure id=\"attachment_20342\" aria-describedby=\"caption-attachment-20342\" style=\"width: 720px\" class=\"wp-caption aligncenter\"><a href=\"http:\/\/www.federacaopaulistadefutsal.com.br\/wp-content\/uploads\/2017\/11\/24008633_1356939007748779_854561686_n.jpg\"><img fetchpriority=\"high\" decoding=\"async\" class=\"wp-image-20342 size-full\" src=\"http:\/\/www.federacaopaulistadefutsal.com.br\/wp-content\/uploads\/2017\/11\/24008633_1356939007748779_854561686_n.jpg\" alt=\"\" width=\"720\" height=\"480\" \/><\/a><figcaption id=\"caption-attachment-20342\" class=\"wp-caption-text\">A.D. Mogi das Cruzes: vice-campe\u00e3 da S\u00e9rie Ouro do Estadual A2 Jos\u00e9 Marcos Barbosa na categoria Sub-18<\/figcaption><\/figure><\/p>\n","protected":false},"excerpt":{"rendered":"<p>Na manh\u00e3 deste s\u00e1bado (25), aconteceu a final da categoria Sub-18 do Estadual A2 Jos\u00e9 Marcos Barbosa, na S\u00e9rie Ouro,<\/p>\n","protected":false},"author":1,"featured_media":20341,"comment_status":"closed","ping_status":"open","sticky":false,"template":"","format":"standard","meta":{"footnotes":""},"categories":[25,17],"tags":[111,977,42,44,2282],"class_list":["post-20339","post","type-post","status-publish","format-standard","has-post-thumbnail","hentry","category-destaques","category-estadual-base-a2","tag-a-d-mogi-das-cruzes","tag-estadual-a2","tag-fpfs","tag-liga-leste-reabilitar","tag-serie-ouro"],"_links":{"self":[{"href":"https:\/\/www.federacaopaulistadefutsal.com.br\/novo\/wp-json\/wp\/v2\/posts\/20339","targetHints":{"allow":["GET"]}}],"collection":[{"href":"https:\/\/www.federacaopaulistadefutsal.com.br\/novo\/wp-json\/wp\/v2\/posts"}],"about":[{"href":"https:\/\/www.federacaopaulistadefutsal.com.br\/novo\/wp-json\/wp\/v2\/types\/post"}],"author":[{"embeddable":true,"href":"https:\/\/www.federacaopaulistadefutsal.com.br\/novo\/wp-json\/wp\/v2\/users\/1"}],"replies":[{"embeddable":true,"href":"https:\/\/www.federacaopaulistadefutsal.com.br\/novo\/wp-json\/wp\/v2\/comments?post=20339"}],"version-history":[{"count":0,"href":"https:\/\/www.federacaopaulistadefutsal.com.br\/novo\/wp-json\/wp\/v2\/posts\/20339\/revisions"}],"wp:featuredmedia":[{"embeddable":true,"href":"https:\/\/www.federacaopaulistadefutsal.com.br\/novo\/wp-json\/"}],"wp:attachment":[{"href":"https:\/\/www.federacaopaulistadefutsal.com.br\/novo\/wp-json\/wp\/v2\/media?parent=20339"}],"wp:term":[{"taxonomy":"category","embeddable":true,"href":"https:\/\/www.federacaopaulistadefutsal.com.br\/novo\/wp-json\/wp\/v2\/categories?post=20339"},{"taxonomy":"post_tag","embeddable":true,"href":"https:\/\/www.federacaopaulistadefutsal.com.br\/novo\/wp-json\/wp\/v2\/tags?post=20339"}],"curies":[{"name":"wp","href":"https:\/\/api.w.org\/{rel}","templated":true}]}}