{"id":20381,"date":"2017-11-26T16:50:42","date_gmt":"2017-11-26T16:50:42","guid":{"rendered":"http:\/\/www.federacaopaulistadefutsal.com.br\/?p=20381"},"modified":"2017-11-26T16:50:42","modified_gmt":"2017-11-26T16:50:42","slug":"sub-16-goleiro-se-destaca-e-a-d-mogi-das-cruzes-vila-santista-fatura-o-campeonato-estadual-a2-jose-marcos-barbosa-serie-prata","status":"publish","type":"post","link":"https:\/\/www.federacaopaulistadefutsal.com.br\/novo\/sub-16-goleiro-se-destaca-e-a-d-mogi-das-cruzes-vila-santista-fatura-o-campeonato-estadual-a2-jose-marcos-barbosa-serie-prata\/","title":{"rendered":"Sub-16: Goleiro se destaca, e A.D. Mogi das Cruzes\/Vila Santista fatura o Campeonato Estadual A2 Jos\u00e9 Marcos Barbosa S\u00e9rie Prata"},"content":{"rendered":"<p>O segundo campe\u00e3o do Campeonato Estadual A2 Jos\u00e9 Marcos Barbosa S\u00e9rie Prata, saiu do confronto entre A.D. Mogi das Cruzes\/Vila Santista e\u00a0Instituto Fam\u00edlia Futsal\/SEJEL Lorena, na tarde deste domingo (23), tamb\u00e9m no Gin\u00e1sio Presidente Ciro II.<br \/>\nO confronto terminou com um empate em 3 a 3. Por\u00e9m, por conta da melhor campanha nas fases que antecedam a grande final, o time de Mogi das Cruzes levou a melhor e ficou com o t\u00edtulo na categoria Sub-16.<br \/>\nIgor Caique (2) e Bruno Mello balan\u00e7aram as redes \u00e0 favor do Instituto Fam\u00edlia Futsal, j\u00e1 o Mogi marcou com o goleiro Jo\u00e3o Guilherme (2), destaque da partida e Leonardo, o suficiente para os meninos da base levantarem o trof\u00e9u de primeiro colocado.<br \/>\nEste foi o primeiro t\u00edtulo da A.D. Mogi das Cruzes nos confrontos que valem a ta\u00e7a de campe\u00e3o: pela S\u00e9rie Ouro do Estadual A2, os mogianos haviam enfrentando a Liga Leste Reabilitar e, acabaram ficando com o vice-campeonato na categoria Sub-18.<br \/>\n<a href=\"http:\/\/www.federacaopaulistadefutsal.com.br\/wp-content\/uploads\/2017\/11\/24099634_1357886567654023_612276797_n.jpg\"><img fetchpriority=\"high\" decoding=\"async\" class=\"aligncenter size-full wp-image-20384\" src=\"http:\/\/www.federacaopaulistadefutsal.com.br\/wp-content\/uploads\/2017\/11\/24099634_1357886567654023_612276797_n.jpg\" alt=\"\" width=\"960\" height=\"640\" \/><\/a><\/p>\n","protected":false},"excerpt":{"rendered":"<p>O segundo campe\u00e3o do Campeonato Estadual A2 Jos\u00e9 Marcos Barbosa S\u00e9rie Prata, saiu do confronto entre A.D. Mogi das Cruzes\/Vila<\/p>\n","protected":false},"author":1,"featured_media":20383,"comment_status":"closed","ping_status":"open","sticky":false,"template":"","format":"standard","meta":{"footnotes":""},"categories":[25,17],"tags":[977,1071,42,2285],"class_list":["post-20381","post","type-post","status-publish","format-standard","has-post-thumbnail","hentry","category-destaques","category-estadual-base-a2","tag-estadual-a2","tag-final","tag-fpfs","tag-serie-prata"],"_links":{"self":[{"href":"https:\/\/www.federacaopaulistadefutsal.com.br\/novo\/wp-json\/wp\/v2\/posts\/20381","targetHints":{"allow":["GET"]}}],"collection":[{"href":"https:\/\/www.federacaopaulistadefutsal.com.br\/novo\/wp-json\/wp\/v2\/posts"}],"about":[{"href":"https:\/\/www.federacaopaulistadefutsal.com.br\/novo\/wp-json\/wp\/v2\/types\/post"}],"author":[{"embeddable":true,"href":"https:\/\/www.federacaopaulistadefutsal.com.br\/novo\/wp-json\/wp\/v2\/users\/1"}],"replies":[{"embeddable":true,"href":"https:\/\/www.federacaopaulistadefutsal.com.br\/novo\/wp-json\/wp\/v2\/comments?post=20381"}],"version-history":[{"count":0,"href":"https:\/\/www.federacaopaulistadefutsal.com.br\/novo\/wp-json\/wp\/v2\/posts\/20381\/revisions"}],"wp:featuredmedia":[{"embeddable":true,"href":"https:\/\/www.federacaopaulistadefutsal.com.br\/novo\/wp-json\/"}],"wp:attachment":[{"href":"https:\/\/www.federacaopaulistadefutsal.com.br\/novo\/wp-json\/wp\/v2\/media?parent=20381"}],"wp:term":[{"taxonomy":"category","embeddable":true,"href":"https:\/\/www.federacaopaulistadefutsal.com.br\/novo\/wp-json\/wp\/v2\/categories?post=20381"},{"taxonomy":"post_tag","embeddable":true,"href":"https:\/\/www.federacaopaulistadefutsal.com.br\/novo\/wp-json\/wp\/v2\/tags?post=20381"}],"curies":[{"name":"wp","href":"https:\/\/api.w.org\/{rel}","templated":true}]}}