{"id":20434,"date":"2017-11-28T15:30:50","date_gmt":"2017-11-28T15:30:50","guid":{"rendered":"http:\/\/www.federacaopaulistadefutsal.com.br\/?p=20434"},"modified":"2017-11-28T15:30:50","modified_gmt":"2017-11-28T15:30:50","slug":"quatro-atletas-do-sub-20-do-corinthians-sao-promovidos-ao-time-principal","status":"publish","type":"post","link":"https:\/\/www.federacaopaulistadefutsal.com.br\/novo\/quatro-atletas-do-sub-20-do-corinthians-sao-promovidos-ao-time-principal\/","title":{"rendered":"Quatro atletas do Sub-20 do Corinthians s\u00e3o promovidos ao time principal"},"content":{"rendered":"<p>Vice-campe\u00e3o da Liga Paulista de Futsal e eliminado nas quartas de final da Liga Nacional, o Corinthians j\u00e1 come\u00e7ou o seu planejamento para a pr\u00f3xima temporada. E as novidades come\u00e7aram vindo da pr\u00f3pria casa: as categorias de base.<br \/>\nQuatro atletas do Sub-20 Alvinegro foram promovidos para o time principal: Gleidson, Barack, Gabriel e Antoniazzi.<br \/>\nAl\u00e9m dos atletas da base que subiram para a equipe principal, \u00a0o Corinthians\/UNIP tamb\u00e9m anunciou a perman\u00eancia dos atletas: Guitta, Nen\u00ea, Alex, Matheus, Douglas Moraes, Douglas Nunes e Vander Carioca.<br \/>\n<span style=\"color: #000000;\"><b>De sa\u00edda do clube<\/b><\/span><br \/>\nAo mesmo tempo, a equipe do Parque S\u00e3o Jorge tamb\u00e9m anunciou as seguintes baixas: Leandro Caires, que atuou pelo Tim\u00e3o nas \u00faltimas seis temporadas e optou por sair do clube em busca de novos desafios; \u00cdndio, destaque do mundo da bola pesada e respons\u00e1vel por um dos gols mais memor\u00e1veis da conquista da Liga Nacional de 2016; e Careca.<br \/>\nJuntam-se a eles Genaro, Edson, Wilsinho, Johnny, Xande, Garrincha, Lucas e Meira, atletas que se desligaram do clube.<br \/>\nEm 2017, a equipe demonstrou grande competitividade, chegando \u00e0 final da Liga Paulista de Futsal e ficando com o vice campeonato, al\u00e9m de obter uma das melhores campanhas na fase de pontos corridos da Liga Nacional de Futsal, al\u00e9m de avan\u00e7ar \u00e0 semifinal do Campeonato Estadual A1.<br \/>\n<em>Foto: Divulga\u00e7\u00e3o<\/em><\/p>\n","protected":false},"excerpt":{"rendered":"<p>Vice-campe\u00e3o da Liga Paulista de Futsal e eliminado nas quartas de final da Liga Nacional, o Corinthians j\u00e1 come\u00e7ou o<\/p>\n","protected":false},"author":1,"featured_media":20297,"comment_status":"closed","ping_status":"open","sticky":false,"template":"","format":"standard","meta":{"footnotes":""},"categories":[32],"tags":[549,976,42,2151],"class_list":["post-20434","post","type-post","status-publish","format-standard","has-post-thumbnail","hentry","category-maiores","tag-categoria-sub-20","tag-estadual-a1","tag-fpfs","tag-s-c-corinthians"],"_links":{"self":[{"href":"https:\/\/www.federacaopaulistadefutsal.com.br\/novo\/wp-json\/wp\/v2\/posts\/20434","targetHints":{"allow":["GET"]}}],"collection":[{"href":"https:\/\/www.federacaopaulistadefutsal.com.br\/novo\/wp-json\/wp\/v2\/posts"}],"about":[{"href":"https:\/\/www.federacaopaulistadefutsal.com.br\/novo\/wp-json\/wp\/v2\/types\/post"}],"author":[{"embeddable":true,"href":"https:\/\/www.federacaopaulistadefutsal.com.br\/novo\/wp-json\/wp\/v2\/users\/1"}],"replies":[{"embeddable":true,"href":"https:\/\/www.federacaopaulistadefutsal.com.br\/novo\/wp-json\/wp\/v2\/comments?post=20434"}],"version-history":[{"count":0,"href":"https:\/\/www.federacaopaulistadefutsal.com.br\/novo\/wp-json\/wp\/v2\/posts\/20434\/revisions"}],"wp:featuredmedia":[{"embeddable":true,"href":"https:\/\/www.federacaopaulistadefutsal.com.br\/novo\/wp-json\/"}],"wp:attachment":[{"href":"https:\/\/www.federacaopaulistadefutsal.com.br\/novo\/wp-json\/wp\/v2\/media?parent=20434"}],"wp:term":[{"taxonomy":"category","embeddable":true,"href":"https:\/\/www.federacaopaulistadefutsal.com.br\/novo\/wp-json\/wp\/v2\/categories?post=20434"},{"taxonomy":"post_tag","embeddable":true,"href":"https:\/\/www.federacaopaulistadefutsal.com.br\/novo\/wp-json\/wp\/v2\/tags?post=20434"}],"curies":[{"name":"wp","href":"https:\/\/api.w.org\/{rel}","templated":true}]}}