{"id":20446,"date":"2017-11-28T19:07:54","date_gmt":"2017-11-28T19:07:54","guid":{"rendered":"http:\/\/www.federacaopaulistadefutsal.com.br\/?p=20446"},"modified":"2017-11-28T19:07:54","modified_gmt":"2017-11-28T19:07:54","slug":"dracena-fica-com-o-bronze-nos-abertos-abertos-do-interior","status":"publish","type":"post","link":"https:\/\/www.federacaopaulistadefutsal.com.br\/novo\/dracena-fica-com-o-bronze-nos-abertos-abertos-do-interior\/","title":{"rendered":"Dracena fica com o bronze nos Abertos Abertos do Interior"},"content":{"rendered":"<p>Campe\u00e3o em 2016, o time dracenense ficou com o bronze ap\u00f3s disputa nas penalidades m\u00e1ximas. No tempo normal contra o Mogi das Cruzes. O duelo ocorreu no \u00faltimo dia (22) quarta-feira, no gin\u00e1sio do Clube Mesc, em S\u00e3o Bernardo do Campo, na regi\u00e3o do Grande ABC, sede dos Jogos Abertos.<br \/>\nGleison e Tatinho marcaram os gols dracenenses no tempo normal e, nos p\u00eanaltis, vit\u00f3ria por 2 a 1 (com uma importante defesa de Jackson).<br \/>\nEsta foi a segunda partida decisiva que Dracena vence nas penalidades (em 2016, contra Sorocaba), o time da Alta Paulista sagrou-se campe\u00e3o tamb\u00e9m \u2018na bola parada\u2019.<\/p>\n","protected":false},"excerpt":{"rendered":"<p>Campe\u00e3o em 2016, o time dracenense ficou com o bronze ap\u00f3s disputa nas penalidades m\u00e1ximas. No tempo normal contra o<\/p>\n","protected":false},"author":1,"featured_media":20449,"comment_status":"closed","ping_status":"open","sticky":false,"template":"","format":"standard","meta":{"footnotes":""},"categories":[29,32],"tags":[877,42,1427,1678],"class_list":["post-20446","post","type-post","status-publish","format-standard","has-post-thumbnail","hentry","category-interior","category-maiores","tag-dracena","tag-fpfs","tag-jogos-abertos-do-interior","tag-mogi-das-cruzes"],"_links":{"self":[{"href":"https:\/\/www.federacaopaulistadefutsal.com.br\/novo\/wp-json\/wp\/v2\/posts\/20446","targetHints":{"allow":["GET"]}}],"collection":[{"href":"https:\/\/www.federacaopaulistadefutsal.com.br\/novo\/wp-json\/wp\/v2\/posts"}],"about":[{"href":"https:\/\/www.federacaopaulistadefutsal.com.br\/novo\/wp-json\/wp\/v2\/types\/post"}],"author":[{"embeddable":true,"href":"https:\/\/www.federacaopaulistadefutsal.com.br\/novo\/wp-json\/wp\/v2\/users\/1"}],"replies":[{"embeddable":true,"href":"https:\/\/www.federacaopaulistadefutsal.com.br\/novo\/wp-json\/wp\/v2\/comments?post=20446"}],"version-history":[{"count":0,"href":"https:\/\/www.federacaopaulistadefutsal.com.br\/novo\/wp-json\/wp\/v2\/posts\/20446\/revisions"}],"wp:featuredmedia":[{"embeddable":true,"href":"https:\/\/www.federacaopaulistadefutsal.com.br\/novo\/wp-json\/"}],"wp:attachment":[{"href":"https:\/\/www.federacaopaulistadefutsal.com.br\/novo\/wp-json\/wp\/v2\/media?parent=20446"}],"wp:term":[{"taxonomy":"category","embeddable":true,"href":"https:\/\/www.federacaopaulistadefutsal.com.br\/novo\/wp-json\/wp\/v2\/categories?post=20446"},{"taxonomy":"post_tag","embeddable":true,"href":"https:\/\/www.federacaopaulistadefutsal.com.br\/novo\/wp-json\/wp\/v2\/tags?post=20446"}],"curies":[{"name":"wp","href":"https:\/\/api.w.org\/{rel}","templated":true}]}}