{"id":20476,"date":"2017-11-29T20:28:39","date_gmt":"2017-11-29T20:28:39","guid":{"rendered":"http:\/\/www.federacaopaulistadefutsal.com.br\/?p=20476"},"modified":"2017-11-29T20:28:39","modified_gmt":"2017-11-29T20:28:39","slug":"sub-18-clayton-marca-quatro-gols-e-garante-sao-caetano-na-decisao-do-estadual-a1-serie-ouro","status":"publish","type":"post","link":"https:\/\/www.federacaopaulistadefutsal.com.br\/novo\/sub-18-clayton-marca-quatro-gols-e-garante-sao-caetano-na-decisao-do-estadual-a1-serie-ouro\/","title":{"rendered":"Sub-18: Clayton marca quatro gols e garante S\u00e3o Caetano na decis\u00e3o do Estadual A1 S\u00e9rie Ouro"},"content":{"rendered":"<p>O S\u00e3o Caetano empatou em 4 a 4 com a Portuguesa e, por ter a melhor campanha na primeira fase, se garantiu na decis\u00e3o do Campeonato Estadual A1 Jos\u00e9 Marcos Barbosa, na categoria Sub-18. O grande destaque da partida foi o piv\u00f4 Clayton, autor dos quatro gols. Com o resultado, a equipe azul joga diante do Corinthians, que passou pelo Santos na outra semifinal. Artilheiro da partida, o jovem comemorou a vaga \u00e0 final.<br \/>\n\u201cEu venho trabalhando muito para essa semifinal e, gra\u00e7as a Deus fui aben\u00e7oado com esses gols, mas nada disso teria acontecido se n\u00e3o tivesse a ajuda dos meus companheiros. Deus aben\u00e7oou nossa equipe, comiss\u00e3o t\u00e9cnica. O grupo veio trabalhando muito para esse jogo e seria injusto n\u00e3o estar na final por todo o ano que fizemos. Fico feliz por ter ajudado com os gols. Agora vamos buscar o t\u00edtulo. S\u00e3o duas equipes muito fortes\u201d, disse.<br \/>\nNessa temporada, o S\u00e3o Caetano venceu os jogos abertos do interior nesse m\u00eas de novembro. A final est\u00e1 marcada para o dia 09 de dezembro (s\u00e1bado), no gin\u00e1sio\u00a0Gin\u00e1sio Presidente Ciro II, a partir das 10h, com entrada gratuita.<br \/>\n<em>Foto: Divulga\u00e7\u00e3o<\/em><\/p>\n","protected":false},"excerpt":{"rendered":"<p>O S\u00e3o Caetano empatou em 4 a 4 com a Portuguesa e, por ter a melhor campanha na primeira fase,<\/p>\n","protected":false},"author":1,"featured_media":20478,"comment_status":"closed","ping_status":"open","sticky":false,"template":"","format":"standard","meta":{"footnotes":""},"categories":[25,8],"tags":[976,42,2193,2264,2282],"class_list":["post-20476","post","type-post","status-publish","format-standard","has-post-thumbnail","hentry","category-destaques","category-estadual-base-a1","tag-estadual-a1","tag-fpfs","tag-sao-caetano-futsal","tag-semifinal","tag-serie-ouro"],"_links":{"self":[{"href":"https:\/\/www.federacaopaulistadefutsal.com.br\/novo\/wp-json\/wp\/v2\/posts\/20476","targetHints":{"allow":["GET"]}}],"collection":[{"href":"https:\/\/www.federacaopaulistadefutsal.com.br\/novo\/wp-json\/wp\/v2\/posts"}],"about":[{"href":"https:\/\/www.federacaopaulistadefutsal.com.br\/novo\/wp-json\/wp\/v2\/types\/post"}],"author":[{"embeddable":true,"href":"https:\/\/www.federacaopaulistadefutsal.com.br\/novo\/wp-json\/wp\/v2\/users\/1"}],"replies":[{"embeddable":true,"href":"https:\/\/www.federacaopaulistadefutsal.com.br\/novo\/wp-json\/wp\/v2\/comments?post=20476"}],"version-history":[{"count":0,"href":"https:\/\/www.federacaopaulistadefutsal.com.br\/novo\/wp-json\/wp\/v2\/posts\/20476\/revisions"}],"wp:featuredmedia":[{"embeddable":true,"href":"https:\/\/www.federacaopaulistadefutsal.com.br\/novo\/wp-json\/"}],"wp:attachment":[{"href":"https:\/\/www.federacaopaulistadefutsal.com.br\/novo\/wp-json\/wp\/v2\/media?parent=20476"}],"wp:term":[{"taxonomy":"category","embeddable":true,"href":"https:\/\/www.federacaopaulistadefutsal.com.br\/novo\/wp-json\/wp\/v2\/categories?post=20476"},{"taxonomy":"post_tag","embeddable":true,"href":"https:\/\/www.federacaopaulistadefutsal.com.br\/novo\/wp-json\/wp\/v2\/tags?post=20476"}],"curies":[{"name":"wp","href":"https:\/\/api.w.org\/{rel}","templated":true}]}}