{"id":20558,"date":"2017-12-01T22:24:09","date_gmt":"2017-12-01T22:24:09","guid":{"rendered":"http:\/\/www.federacaopaulistadefutsal.com.br\/?p=20558"},"modified":"2017-12-01T22:24:09","modified_gmt":"2017-12-01T22:24:09","slug":"sub-17-cris-souza-enaltece-desempenho-das-atletas-antes-de-confronto-decisivo-contra-o-corinthians-tiger-pelo-estadual-feminino","status":"publish","type":"post","link":"https:\/\/www.federacaopaulistadefutsal.com.br\/novo\/sub-17-cris-souza-enaltece-desempenho-das-atletas-antes-de-confronto-decisivo-contra-o-corinthians-tiger-pelo-estadual-feminino\/","title":{"rendered":"Sub-17: Cris Souza enaltece desempenho das atletas antes de confronto decisivo contra o Corinthians\/Tiger, pelo Estadual Feminino"},"content":{"rendered":"<p>Nesse s\u00e1bado (2), acontece o primeiro confronto entre as equipes finalistas do Estadual Feminino Categorias de Base. Tabo\u00e3o da Serra e Corinthians\/Tiger\/Drummond entram em quadra a partir das 16h30, no gin\u00e1sio Presidente Ciro I, com entrada gratuita ao p\u00fablico.<br \/>\nAmbos os times Sub-17 j\u00e1 se enfrentam em duas oportunidades na competi\u00e7\u00e3o, com as meninas do Corinthians vencendo os dois confrontos. Para a treinadora Cris Souza, do Tabo\u00e3o da Serra, apesar dos resultados adversos nas fases anteriores, o confronto de amanh\u00e3 est\u00e1 em aberto. &#8220;Acredito que tudo pode acontecer na final. Vamos dar o nosso melhor em busca do t\u00edtulo&#8221;, ressaltou.<br \/>\nAinda segundo a treinadora, o fato das meninas do Cats disputarem uma final, \u00e9 resultado do quanto cada uma deu o seu melhor durante a competi\u00e7\u00e3o.<br \/>\n&#8220;Para n\u00f3s, \u00e9 muito gratificante estar na final do Paulista com uma das categorias de base. Esse grupo \u00e9 vencedor porque se superou a cada dia. Esse resultado \u00e9 fruto de muita dedica\u00e7\u00e3o, empenho e disciplina t\u00e1tica, disse a treinadora.<br \/>\nPelo lado Alvinegro, em caso de vit\u00f3ria no jogo de ida, o segundo jogo dar\u00e1 o direito &#8211; por conta da melhor campanha na fase inicial -, de perderem no tempo normal e empatarem no tempo extra, que ainda assim garantem o t\u00edtulo da competi\u00e7\u00e3o.<br \/>\n&nbsp;<br \/>\n&nbsp;<\/p>\n","protected":false},"excerpt":{"rendered":"<p>Nesse s\u00e1bado (2), acontece o primeiro confronto entre as equipes finalistas do Estadual Feminino Categorias de Base. Tabo\u00e3o da Serra<\/p>\n","protected":false},"author":1,"featured_media":20560,"comment_status":"closed","ping_status":"open","sticky":false,"template":"","format":"standard","meta":{"footnotes":""},"categories":[14],"tags":[439,546,736,981,42],"class_list":["post-20558","post","type-post","status-publish","format-standard","has-post-thumbnail","hentry","category-a1-paulista-feminino-menores","tag-c-a-taboao-da-serra","tag-categoria-menores","tag-corinthianstiger","tag-estadual-feminino","tag-fpfs"],"_links":{"self":[{"href":"https:\/\/www.federacaopaulistadefutsal.com.br\/novo\/wp-json\/wp\/v2\/posts\/20558","targetHints":{"allow":["GET"]}}],"collection":[{"href":"https:\/\/www.federacaopaulistadefutsal.com.br\/novo\/wp-json\/wp\/v2\/posts"}],"about":[{"href":"https:\/\/www.federacaopaulistadefutsal.com.br\/novo\/wp-json\/wp\/v2\/types\/post"}],"author":[{"embeddable":true,"href":"https:\/\/www.federacaopaulistadefutsal.com.br\/novo\/wp-json\/wp\/v2\/users\/1"}],"replies":[{"embeddable":true,"href":"https:\/\/www.federacaopaulistadefutsal.com.br\/novo\/wp-json\/wp\/v2\/comments?post=20558"}],"version-history":[{"count":0,"href":"https:\/\/www.federacaopaulistadefutsal.com.br\/novo\/wp-json\/wp\/v2\/posts\/20558\/revisions"}],"wp:featuredmedia":[{"embeddable":true,"href":"https:\/\/www.federacaopaulistadefutsal.com.br\/novo\/wp-json\/"}],"wp:attachment":[{"href":"https:\/\/www.federacaopaulistadefutsal.com.br\/novo\/wp-json\/wp\/v2\/media?parent=20558"}],"wp:term":[{"taxonomy":"category","embeddable":true,"href":"https:\/\/www.federacaopaulistadefutsal.com.br\/novo\/wp-json\/wp\/v2\/categories?post=20558"},{"taxonomy":"post_tag","embeddable":true,"href":"https:\/\/www.federacaopaulistadefutsal.com.br\/novo\/wp-json\/wp\/v2\/tags?post=20558"}],"curies":[{"name":"wp","href":"https:\/\/api.w.org\/{rel}","templated":true}]}}