{"id":20640,"date":"2017-12-06T20:27:53","date_gmt":"2017-12-06T20:27:53","guid":{"rendered":"http:\/\/www.federacaopaulistadefutsal.com.br\/?p=20640"},"modified":"2017-12-06T20:27:53","modified_gmt":"2017-12-06T20:27:53","slug":"tecnicos-de-aabb-e-corinthians-falam-sobre-a-final-do-estadual-sub-20","status":"publish","type":"post","link":"https:\/\/www.federacaopaulistadefutsal.com.br\/novo\/tecnicos-de-aabb-e-corinthians-falam-sobre-a-final-do-estadual-sub-20\/","title":{"rendered":"T\u00e9cnicos de AABB e Corinthians falam sobre a final do Estadual Sub-20"},"content":{"rendered":"<p>Nesta quarta-feira (6), os times Sub-20 da AABB e Corinthians entram em quadra, a partir das\u00a0 20h, no Gin\u00e1sio Poliesportivo Wlamir Marques, pelo jogo de volta da final do Campeonato Estadual A1 A entrada \u00e9 gratuita.<br \/>\nCom uma campanha invicta at\u00e9 o momento, o treinador Wilton Santana comandou sua equipe vencendo todos os jogos que anteciparam a grande final, onde o Corinthians acabou empatado por 3 a 3. A miss\u00e3o \u00e9 a conquista do t\u00edtulo de maneira invicta.<br \/>\n\u201cA AABB prop\u00f4s no jogo de ida, em seus dom\u00ednios, um estilo de jogo muito veloz e de contato. O jogo de volta promete ser um jogo interessante, franco, com os times apostando no que t\u00eam de melhor\u201d, disse Wilton.<br \/>\n<a href=\"http:\/\/www.federacaopaulistadefutsal.com.br\/wp-content\/uploads\/2017\/12\/images.jpg\"><img fetchpriority=\"high\" decoding=\"async\" class=\"aligncenter size-full wp-image-20651\" src=\"http:\/\/www.federacaopaulistadefutsal.com.br\/wp-content\/uploads\/2017\/12\/images.jpg\" alt=\"\" width=\"470\" height=\"313\" \/><\/a><br \/>\nPelo lado dos ababeanos, a estrat\u00e9gia, segundo o treinador Douglas Soares , n\u00e3o ser\u00e1 diferente da imposta no primeiro duelo.<br \/>\n&#8220;Ambas\u00a0as equipes se conhecem bem. Pretendemos tirar os espa\u00e7os do Corinthians atrav\u00e9s de uma marca\u00e7\u00e3o intensa, e aproveitar os poucos espa\u00e7os que o advers\u00e1rio disponibiliza para jogarmos em dire\u00e7\u00e3o ao gol&#8221;, finalizou.<\/p>\n","protected":false},"excerpt":{"rendered":"<p>Nesta quarta-feira (6), os times Sub-20 da AABB e Corinthians entram em quadra, a partir das\u00a0 20h, no Gin\u00e1sio Poliesportivo<\/p>\n","protected":false},"author":1,"featured_media":20648,"comment_status":"closed","ping_status":"open","sticky":false,"template":"","format":"standard","meta":{"footnotes":""},"categories":[25,11,32],"tags":[134,549,976,42,2151],"class_list":["post-20640","post","type-post","status-publish","format-standard","has-post-thumbnail","hentry","category-destaques","category-estadual-sub-20","category-maiores","tag-aabb","tag-categoria-sub-20","tag-estadual-a1","tag-fpfs","tag-s-c-corinthians"],"_links":{"self":[{"href":"https:\/\/www.federacaopaulistadefutsal.com.br\/novo\/wp-json\/wp\/v2\/posts\/20640","targetHints":{"allow":["GET"]}}],"collection":[{"href":"https:\/\/www.federacaopaulistadefutsal.com.br\/novo\/wp-json\/wp\/v2\/posts"}],"about":[{"href":"https:\/\/www.federacaopaulistadefutsal.com.br\/novo\/wp-json\/wp\/v2\/types\/post"}],"author":[{"embeddable":true,"href":"https:\/\/www.federacaopaulistadefutsal.com.br\/novo\/wp-json\/wp\/v2\/users\/1"}],"replies":[{"embeddable":true,"href":"https:\/\/www.federacaopaulistadefutsal.com.br\/novo\/wp-json\/wp\/v2\/comments?post=20640"}],"version-history":[{"count":0,"href":"https:\/\/www.federacaopaulistadefutsal.com.br\/novo\/wp-json\/wp\/v2\/posts\/20640\/revisions"}],"wp:featuredmedia":[{"embeddable":true,"href":"https:\/\/www.federacaopaulistadefutsal.com.br\/novo\/wp-json\/"}],"wp:attachment":[{"href":"https:\/\/www.federacaopaulistadefutsal.com.br\/novo\/wp-json\/wp\/v2\/media?parent=20640"}],"wp:term":[{"taxonomy":"category","embeddable":true,"href":"https:\/\/www.federacaopaulistadefutsal.com.br\/novo\/wp-json\/wp\/v2\/categories?post=20640"},{"taxonomy":"post_tag","embeddable":true,"href":"https:\/\/www.federacaopaulistadefutsal.com.br\/novo\/wp-json\/wp\/v2\/tags?post=20640"}],"curies":[{"name":"wp","href":"https:\/\/api.w.org\/{rel}","templated":true}]}}