{"id":20758,"date":"2017-12-11T12:06:26","date_gmt":"2017-12-11T12:06:26","guid":{"rendered":"http:\/\/www.federacaopaulistadefutsal.com.br\/?p=20758"},"modified":"2017-12-11T12:06:26","modified_gmt":"2017-12-11T12:06:26","slug":"intelli-paraiso-vence-o-uniara-e-esta-na-final-da-copa-bage","status":"publish","type":"post","link":"https:\/\/www.federacaopaulistadefutsal.com.br\/novo\/intelli-paraiso-vence-o-uniara-e-esta-na-final-da-copa-bage\/","title":{"rendered":"Intelli\/Para\u00edso vence o Uniara e est\u00e1 na final da Copa Bag\u00e9"},"content":{"rendered":"<p>A Intelli\/Para\u00edso ter\u00e1 mais uma decis\u00e3o pela frente. Ap\u00f3s vencer o Uniara\/Fundesporte por 4 x 0, nodia 8 (sexta-feira), em S\u00e3o Sebasti\u00e3o do Para\u00edso (MG), a equipe bi-campe\u00e3 nacional decide o t\u00edtulo da Copa Bag\u00e9 contra o S\u00e3o Jos\u00e9\/Mangua\u00e7a\/Valesul.<br \/>\nEsta ser\u00e1 a primeira decis\u00e3o da Intelli na temporada, j\u00e1 que na LNF, LPF e Copa Paulista, o time gren\u00e1 sofreu elimina\u00e7\u00f5es nas oitavas, quartas e novamente quartas de final, respectivamente.<br \/>\nA final, decidida em jogo \u00fanico, ser\u00e1 tamb\u00e9m na cidade de S\u00e3o Sebasti\u00e3o do Para\u00edso nesta ter\u00e7a-feira (12), \u00e0s 20h.<br \/>\n<em>Foto: Assessoria\/Intelli<\/em><\/p>\n","protected":false},"excerpt":{"rendered":"<p>A Intelli\/Para\u00edso ter\u00e1 mais uma decis\u00e3o pela frente. Ap\u00f3s vencer o Uniara\/Fundesporte por 4 x 0, nodia 8 (sexta-feira), em<\/p>\n","protected":false},"author":1,"featured_media":20760,"comment_status":"closed","ping_status":"open","sticky":false,"template":"","format":"standard","meta":{"footnotes":""},"categories":[25,32],"tags":[171,703,42,2264,2530],"class_list":["post-20758","post","type-post","status-publish","format-standard","has-post-thumbnail","hentry","category-destaques","category-maiores","tag-adc-intelli","tag-copa-bage","tag-fpfs","tag-semifinal","tag-uniara"],"_links":{"self":[{"href":"https:\/\/www.federacaopaulistadefutsal.com.br\/novo\/wp-json\/wp\/v2\/posts\/20758","targetHints":{"allow":["GET"]}}],"collection":[{"href":"https:\/\/www.federacaopaulistadefutsal.com.br\/novo\/wp-json\/wp\/v2\/posts"}],"about":[{"href":"https:\/\/www.federacaopaulistadefutsal.com.br\/novo\/wp-json\/wp\/v2\/types\/post"}],"author":[{"embeddable":true,"href":"https:\/\/www.federacaopaulistadefutsal.com.br\/novo\/wp-json\/wp\/v2\/users\/1"}],"replies":[{"embeddable":true,"href":"https:\/\/www.federacaopaulistadefutsal.com.br\/novo\/wp-json\/wp\/v2\/comments?post=20758"}],"version-history":[{"count":0,"href":"https:\/\/www.federacaopaulistadefutsal.com.br\/novo\/wp-json\/wp\/v2\/posts\/20758\/revisions"}],"wp:featuredmedia":[{"embeddable":true,"href":"https:\/\/www.federacaopaulistadefutsal.com.br\/novo\/wp-json\/"}],"wp:attachment":[{"href":"https:\/\/www.federacaopaulistadefutsal.com.br\/novo\/wp-json\/wp\/v2\/media?parent=20758"}],"wp:term":[{"taxonomy":"category","embeddable":true,"href":"https:\/\/www.federacaopaulistadefutsal.com.br\/novo\/wp-json\/wp\/v2\/categories?post=20758"},{"taxonomy":"post_tag","embeddable":true,"href":"https:\/\/www.federacaopaulistadefutsal.com.br\/novo\/wp-json\/wp\/v2\/tags?post=20758"}],"curies":[{"name":"wp","href":"https:\/\/api.w.org\/{rel}","templated":true}]}}