{"id":20778,"date":"2017-12-11T14:17:12","date_gmt":"2017-12-11T14:17:12","guid":{"rendered":"http:\/\/www.federacaopaulistadefutsal.com.br\/?p=20778"},"modified":"2017-12-11T14:17:12","modified_gmt":"2017-12-11T14:17:12","slug":"valendo-o-titulo-do-estadual-principal-sao-jose-feminino-e-a-d-sao-bernardo-se-enfrentam-nesta-segunda-feira","status":"publish","type":"post","link":"https:\/\/www.federacaopaulistadefutsal.com.br\/novo\/valendo-o-titulo-do-estadual-principal-sao-jose-feminino-e-a-d-sao-bernardo-se-enfrentam-nesta-segunda-feira\/","title":{"rendered":"Valendo o t\u00edtulo do Estadual Principal, S\u00e3o Jos\u00e9 Feminino e A.D. S\u00e3o Bernardo se enfrentam nesta segunda-feira"},"content":{"rendered":"<p>O segundo e decisivo confronto da final do Campeonato Estadual Feminino pela categoria principal, acontece nesta segunda-feira (11), a partir das 19h30, entre DVS S\u00e3o Jos\u00e9 e A.D. S\u00e3o Bernardo\/A. Sabesp, no gin\u00e1sio\u00a0T\u00eanis Clube, casa do time joseense.<br \/>\nNo duelo de ida, na casa do time de S\u00e3o Bernardo do Campos, as mandantes venceram a partida por 4 a 1 e agora jogam por um empate para garantirem o t\u00edtulo. Cabe ao S\u00e3o Jos\u00e9 a vit\u00f3ria no tempo normal e empatar na prorroga\u00e7\u00e3o para ficar com o trof\u00e9u.<br \/>\nO S\u00e3o Jos\u00e9 vai em busca do seu segundo t\u00edtulo em uma competi\u00e7\u00e3o organizada pela FPFS. No primeiro semestre, as meninas venceram o Tabo\u00e3o da Serra na final do Metropolitano e foram campe\u00e3s invictas.<br \/>\nJ\u00e1 as meninas do S\u00e3o Bernardo entram como francas favoritas ao t\u00edtulo, por conta do primeiro resultado.<br \/>\n<a href=\"http:\/\/www.federacaopaulistadefutsal.com.br\/wp-content\/uploads\/2017\/12\/24862277_1834442249920942_230567332751482275_n-1.jpg\"><img fetchpriority=\"high\" decoding=\"async\" class=\"aligncenter wp-image-20783\" src=\"http:\/\/www.federacaopaulistadefutsal.com.br\/wp-content\/uploads\/2017\/12\/24862277_1834442249920942_230567332751482275_n-1.jpg\" alt=\"\" width=\"401\" height=\"400\" \/><\/a><br \/>\n<em>Fotos: DVS S\u00e3o Jos\u00e9 Futsal\/Divulga\u00e7\u00e3o<\/em><\/p>\n","protected":false},"excerpt":{"rendered":"<p>O segundo e decisivo confronto da final do Campeonato Estadual Feminino pela categoria principal, acontece nesta segunda-feira (11), a partir<\/p>\n","protected":false},"author":1,"featured_media":20790,"comment_status":"closed","ping_status":"open","sticky":false,"template":"","format":"standard","meta":{"footnotes":""},"categories":[15,25,32],"tags":[161,891,981,1071,42],"class_list":["post-20778","post","type-post","status-publish","format-standard","has-post-thumbnail","hentry","category-a1-paulista-feminino-principal","category-destaques","category-maiores","tag-ad-sao-bernardo","tag-dvs-sao-jose-futsal","tag-estadual-feminino","tag-final","tag-fpfs"],"_links":{"self":[{"href":"https:\/\/www.federacaopaulistadefutsal.com.br\/novo\/wp-json\/wp\/v2\/posts\/20778","targetHints":{"allow":["GET"]}}],"collection":[{"href":"https:\/\/www.federacaopaulistadefutsal.com.br\/novo\/wp-json\/wp\/v2\/posts"}],"about":[{"href":"https:\/\/www.federacaopaulistadefutsal.com.br\/novo\/wp-json\/wp\/v2\/types\/post"}],"author":[{"embeddable":true,"href":"https:\/\/www.federacaopaulistadefutsal.com.br\/novo\/wp-json\/wp\/v2\/users\/1"}],"replies":[{"embeddable":true,"href":"https:\/\/www.federacaopaulistadefutsal.com.br\/novo\/wp-json\/wp\/v2\/comments?post=20778"}],"version-history":[{"count":0,"href":"https:\/\/www.federacaopaulistadefutsal.com.br\/novo\/wp-json\/wp\/v2\/posts\/20778\/revisions"}],"wp:featuredmedia":[{"embeddable":true,"href":"https:\/\/www.federacaopaulistadefutsal.com.br\/novo\/wp-json\/"}],"wp:attachment":[{"href":"https:\/\/www.federacaopaulistadefutsal.com.br\/novo\/wp-json\/wp\/v2\/media?parent=20778"}],"wp:term":[{"taxonomy":"category","embeddable":true,"href":"https:\/\/www.federacaopaulistadefutsal.com.br\/novo\/wp-json\/wp\/v2\/categories?post=20778"},{"taxonomy":"post_tag","embeddable":true,"href":"https:\/\/www.federacaopaulistadefutsal.com.br\/novo\/wp-json\/wp\/v2\/tags?post=20778"}],"curies":[{"name":"wp","href":"https:\/\/api.w.org\/{rel}","templated":true}]}}