{"id":20839,"date":"2017-12-13T11:52:24","date_gmt":"2017-12-13T11:52:24","guid":{"rendered":"http:\/\/www.federacaopaulistadefutsal.com.br\/?p=20839"},"modified":"2017-12-13T11:52:24","modified_gmt":"2017-12-13T11:52:24","slug":"retrospectiva-estadual-a1-jose-marcos-barbosa-serie-bronze-contou-com-quatro-clubes-campeoes-confira","status":"publish","type":"post","link":"https:\/\/www.federacaopaulistadefutsal.com.br\/novo\/retrospectiva-estadual-a1-jose-marcos-barbosa-serie-bronze-contou-com-quatro-clubes-campeoes-confira\/","title":{"rendered":"Retrospectiva: Estadual A1 Jos\u00e9 Marcos Barbosa S\u00e9rie Bronze contou com quatro clubes campe\u00f5es; confira"},"content":{"rendered":"<p>Em publica\u00e7\u00f5es anteriores, relembramos os times campe\u00f5es do <a href=\"http:\/\/www.federacaopaulistadefutsal.com.br\/a1-estadual-menores\/retrospectiva-confira-os-clubes-campeoes-do-estadual-a1-jose-marcos-barbosa-serie-prata-nas-categorias-sub-12-sub-14-sub-16-e-sub-18\/\">Estadual A1\u00a0 S\u00e9rie Prata<\/a> e\u00a0<a href=\"http:\/\/www.federacaopaulistadefutsal.com.br\/a2-estadual-menores\/retrospectiva-relembre-os-quatro-clubes-que-foram-campeoes-do-estadual-a2-jose-marcos-barbosa-serie-prata\/\">Estadual A2 S\u00e9rie Prata<\/a>.<br \/>\nDando continuidade a s\u00e9rie de retrospectivas dos clubes camp\u00f5es neste segundo semestre em competi\u00e7\u00f5es organizadas pela FPFS, os quatros clubes citados \u00e0 seguir levantaram a ta\u00e7a de camp\u00f5es do Campeonato Estadual A1 Jos\u00e9 Marcos Barbosa S\u00e9rie Bronze, pelo Sub-12, Sub-14, Sub-16 e Sub-18.<br \/>\n<em>Campe\u00e3o na categoria Sub-12:\u00a0C.A. Tabo\u00e3o da Serra\/SEMEL<\/em><br \/>\n03\/12\/17 15:45 &#8211; Gin\u00e1sio Presidente Ciro II<br \/>\n<b>C.A. Tabo\u00e3o da Serra\/SEMEL 4 x 2\u00a0A.A. Banco do Brasil<\/b><br \/>\n<em>Campe\u00e3o na categoria Sub-14:\u00a0S\u00e3o Paulo F.C.<\/em><br \/>\n03\/12\/17 14:00 &#8211; Gin\u00e1sio Presidente Ciro II<br \/>\n<b>S\u00e3o Paulo F.C. 3 x 3\u00a0A. Portuguesa de Desportos<\/b><br \/>\n<em>Campe\u00e3o na categoria Sub-16: Banespa<\/em><br \/>\n03\/12\/17 12:00 &#8211; Gin\u00e1sio Presidente Ciro II<br \/>\n<b>Banespa\u00a0 4 x 1\u00a0C.E. Penha\u00a0<\/b><br \/>\n<em>Campe\u00e3o na categoria Sub-18: ASF\/Magnus<\/em><br \/>\n03\/12\/17 10:00 &#8211; Gin\u00e1sio Presidente Ciro II<br \/>\n<b>ASF\/Magnus 6 x 2\u00a0A.D.C. S\u00e3o Bernardo<\/b><\/p>\n","protected":false},"excerpt":{"rendered":"<p>Em publica\u00e7\u00f5es anteriores, relembramos os times campe\u00f5es do Estadual A1\u00a0 S\u00e9rie Prata e\u00a0Estadual A2 S\u00e9rie Prata. Dando continuidade a s\u00e9rie<\/p>\n","protected":false},"author":1,"featured_media":20732,"comment_status":"closed","ping_status":"open","sticky":false,"template":"","format":"standard","meta":{"footnotes":""},"categories":[8],"tags":[41,976,42,2280],"class_list":["post-20839","post","type-post","status-publish","format-standard","has-post-thumbnail","hentry","category-estadual-base-a1","tag-categorias-menores","tag-estadual-a1","tag-fpfs","tag-serie-bronze"],"_links":{"self":[{"href":"https:\/\/www.federacaopaulistadefutsal.com.br\/novo\/wp-json\/wp\/v2\/posts\/20839","targetHints":{"allow":["GET"]}}],"collection":[{"href":"https:\/\/www.federacaopaulistadefutsal.com.br\/novo\/wp-json\/wp\/v2\/posts"}],"about":[{"href":"https:\/\/www.federacaopaulistadefutsal.com.br\/novo\/wp-json\/wp\/v2\/types\/post"}],"author":[{"embeddable":true,"href":"https:\/\/www.federacaopaulistadefutsal.com.br\/novo\/wp-json\/wp\/v2\/users\/1"}],"replies":[{"embeddable":true,"href":"https:\/\/www.federacaopaulistadefutsal.com.br\/novo\/wp-json\/wp\/v2\/comments?post=20839"}],"version-history":[{"count":0,"href":"https:\/\/www.federacaopaulistadefutsal.com.br\/novo\/wp-json\/wp\/v2\/posts\/20839\/revisions"}],"wp:featuredmedia":[{"embeddable":true,"href":"https:\/\/www.federacaopaulistadefutsal.com.br\/novo\/wp-json\/"}],"wp:attachment":[{"href":"https:\/\/www.federacaopaulistadefutsal.com.br\/novo\/wp-json\/wp\/v2\/media?parent=20839"}],"wp:term":[{"taxonomy":"category","embeddable":true,"href":"https:\/\/www.federacaopaulistadefutsal.com.br\/novo\/wp-json\/wp\/v2\/categories?post=20839"},{"taxonomy":"post_tag","embeddable":true,"href":"https:\/\/www.federacaopaulistadefutsal.com.br\/novo\/wp-json\/wp\/v2\/tags?post=20839"}],"curies":[{"name":"wp","href":"https:\/\/api.w.org\/{rel}","templated":true}]}}