{"id":20898,"date":"2017-12-14T21:42:03","date_gmt":"2017-12-14T21:42:03","guid":{"rendered":"http:\/\/www.federacaopaulistadefutsal.com.br\/?p=20898"},"modified":"2017-12-14T21:42:03","modified_gmt":"2017-12-14T21:42:03","slug":"duelo-de-artilheiros-promete-agitar-a-decisao-da-cp","status":"publish","type":"post","link":"https:\/\/www.federacaopaulistadefutsal.com.br\/novo\/duelo-de-artilheiros-promete-agitar-a-decisao-da-cp\/","title":{"rendered":"Duelo de artilheiros promete agitar a decis\u00e3o da CP"},"content":{"rendered":"<p>Al\u00e9m de toda a atmosfera que envolve as equipes da ADC Ford\/Taubat\u00e9 e Tempersul\/Dracena, nesta semana decisiva em S\u00e3o Paulo, uma outra decis\u00e3o tamb\u00e9m promete agitar esta sexta-feira (15), na grande final da Copa Paulista: a briga pela artilharia da competi\u00e7\u00e3o.<br \/>\nCinco nomes (das duas equipes) est\u00e3o entre os principais goleadores do certame, mas com destaque para Rafa Martins, que at\u00e9 o momento, balan\u00e7ou as redes em 13 oportunidades.<br \/>\nNa sequ\u00eancia, com oito gols, aparecem Dieguinho e Fabr\u00edcio, da ADC Ford\/Taubat\u00e9. Gleison e Vitinho, do Tempersul\/Dracena, v\u00eam logo atr\u00e1s com sete gols marcados.<br \/>\nO \u00faltimo duelo acontece no Gin\u00e1sio da Vila Aparecida, em Taubat\u00e9 (Vale do Para\u00edba).<br \/>\n<i>Fotos: Gilberto Santos\u00a0<\/i><br \/>\n<i>Informa\u00e7\u00f5es: Rafa Martins<\/i><\/p>\n","protected":false},"excerpt":{"rendered":"<p>Al\u00e9m de toda a atmosfera que envolve as equipes da ADC Ford\/Taubat\u00e9 e Tempersul\/Dracena, nesta semana decisiva em S\u00e3o Paulo,<\/p>\n","protected":false},"author":1,"featured_media":20900,"comment_status":"closed","ping_status":"open","sticky":false,"template":"","format":"standard","meta":{"footnotes":""},"categories":[23,32],"tags":[170,718,42,2429],"class_list":["post-20898","post","type-post","status-publish","format-standard","has-post-thumbnail","hentry","category-copa-paulista","category-maiores","tag-adc-ford-taubate","tag-copa-paulista","tag-fpfs","tag-tempersuldracena"],"_links":{"self":[{"href":"https:\/\/www.federacaopaulistadefutsal.com.br\/novo\/wp-json\/wp\/v2\/posts\/20898","targetHints":{"allow":["GET"]}}],"collection":[{"href":"https:\/\/www.federacaopaulistadefutsal.com.br\/novo\/wp-json\/wp\/v2\/posts"}],"about":[{"href":"https:\/\/www.federacaopaulistadefutsal.com.br\/novo\/wp-json\/wp\/v2\/types\/post"}],"author":[{"embeddable":true,"href":"https:\/\/www.federacaopaulistadefutsal.com.br\/novo\/wp-json\/wp\/v2\/users\/1"}],"replies":[{"embeddable":true,"href":"https:\/\/www.federacaopaulistadefutsal.com.br\/novo\/wp-json\/wp\/v2\/comments?post=20898"}],"version-history":[{"count":0,"href":"https:\/\/www.federacaopaulistadefutsal.com.br\/novo\/wp-json\/wp\/v2\/posts\/20898\/revisions"}],"wp:featuredmedia":[{"embeddable":true,"href":"https:\/\/www.federacaopaulistadefutsal.com.br\/novo\/wp-json\/"}],"wp:attachment":[{"href":"https:\/\/www.federacaopaulistadefutsal.com.br\/novo\/wp-json\/wp\/v2\/media?parent=20898"}],"wp:term":[{"taxonomy":"category","embeddable":true,"href":"https:\/\/www.federacaopaulistadefutsal.com.br\/novo\/wp-json\/wp\/v2\/categories?post=20898"},{"taxonomy":"post_tag","embeddable":true,"href":"https:\/\/www.federacaopaulistadefutsal.com.br\/novo\/wp-json\/wp\/v2\/tags?post=20898"}],"curies":[{"name":"wp","href":"https:\/\/api.w.org\/{rel}","templated":true}]}}