{"id":20908,"date":"2017-12-15T19:28:25","date_gmt":"2017-12-15T19:28:25","guid":{"rendered":"http:\/\/www.federacaopaulistadefutsal.com.br\/?p=20908"},"modified":"2017-12-15T19:28:25","modified_gmt":"2017-12-15T19:28:25","slug":"nesta-sexta-feira-adc-ford-taubate-decide-o-titulo-da-cp-contra-o-tempersul-dracena-jogando-em-seus-dominios","status":"publish","type":"post","link":"https:\/\/www.federacaopaulistadefutsal.com.br\/novo\/nesta-sexta-feira-adc-ford-taubate-decide-o-titulo-da-cp-contra-o-tempersul-dracena-jogando-em-seus-dominios\/","title":{"rendered":"Nesta sexta-feira, ADC Ford\/Taubat\u00e9 decide o t\u00edtulo da CP contra o Tempersul\/Dracena jogando em seus dom\u00ednios"},"content":{"rendered":"<p>A ADC Ford Taubat\u00e9 volta \u00e0 quadra nesta sexta-feira, 15, para disputar seu jogo mais importante do ano. \u00c0s 19h30, a equipe recebe o Tempersul\/ Dracena no gin\u00e1sio da Vila Aparecida para decidir o t\u00edtulo da Copa Paulista de Futsal. A entrada ser\u00e1 gratuita.<br \/>\nNo primeiro jogo da final, realizado na \u00faltima quarta (13), os times empataram em 3 a 3 na casa dos dracenenses. Agora na volta, basta ao Taubat\u00e9 uma vit\u00f3ria simples para garantir o t\u00edtulo in\u00e9dito para a cidade. Em caso de nova igualdade no placar no tempo normal, a partida vai para a prorroga\u00e7\u00e3o, onde os valepar\u00edibanos t\u00eam a vantagem do empate.<br \/>\nO elenco taubateano chegou da viagem de mais de 12 horas desde Dracena na manh\u00e3 de ontem (14), e j\u00e1 retomou os treinamentos em quadra.<br \/>\nEssa \u00e9 a segunda vez que o time de Taubat\u00e9 chega \u00e0 decis\u00e3o da Copa Paulista. No ano passado, o time fez a final contra o S\u00e3o Jos\u00e9, mas deixou o t\u00edtulo escapar ao empatar com o rival \u2013 os joseenses tinham a vantagem do empate, j\u00e1 que haviam feito melhor campanha na fase de grupos.<br \/>\nDurante a LPF,\u00a0 Taubat\u00e9 e Dracena se enfrentaram duas vezes, com uma vit\u00f3ria para cada lado: 5 a 3 para os dracenenses em abril, e 2 a 1 para os taubateanos, em junho.<br \/>\n<em>Informa\u00e7\u00f5es e foto: Assessoria de imprensa ADC Ford\/Taubat\u00e9<\/em><\/p>\n","protected":false},"excerpt":{"rendered":"<p>A ADC Ford Taubat\u00e9 volta \u00e0 quadra nesta sexta-feira, 15, para disputar seu jogo mais importante do ano. \u00c0s 19h30,<\/p>\n","protected":false},"author":1,"featured_media":20910,"comment_status":"closed","ping_status":"open","sticky":false,"template":"","format":"standard","meta":{"footnotes":""},"categories":[23],"tags":[170,718,1071,42,2429],"class_list":["post-20908","post","type-post","status-publish","format-standard","has-post-thumbnail","hentry","category-copa-paulista","tag-adc-ford-taubate","tag-copa-paulista","tag-final","tag-fpfs","tag-tempersuldracena"],"_links":{"self":[{"href":"https:\/\/www.federacaopaulistadefutsal.com.br\/novo\/wp-json\/wp\/v2\/posts\/20908","targetHints":{"allow":["GET"]}}],"collection":[{"href":"https:\/\/www.federacaopaulistadefutsal.com.br\/novo\/wp-json\/wp\/v2\/posts"}],"about":[{"href":"https:\/\/www.federacaopaulistadefutsal.com.br\/novo\/wp-json\/wp\/v2\/types\/post"}],"author":[{"embeddable":true,"href":"https:\/\/www.federacaopaulistadefutsal.com.br\/novo\/wp-json\/wp\/v2\/users\/1"}],"replies":[{"embeddable":true,"href":"https:\/\/www.federacaopaulistadefutsal.com.br\/novo\/wp-json\/wp\/v2\/comments?post=20908"}],"version-history":[{"count":0,"href":"https:\/\/www.federacaopaulistadefutsal.com.br\/novo\/wp-json\/wp\/v2\/posts\/20908\/revisions"}],"wp:featuredmedia":[{"embeddable":true,"href":"https:\/\/www.federacaopaulistadefutsal.com.br\/novo\/wp-json\/"}],"wp:attachment":[{"href":"https:\/\/www.federacaopaulistadefutsal.com.br\/novo\/wp-json\/wp\/v2\/media?parent=20908"}],"wp:term":[{"taxonomy":"category","embeddable":true,"href":"https:\/\/www.federacaopaulistadefutsal.com.br\/novo\/wp-json\/wp\/v2\/categories?post=20908"},{"taxonomy":"post_tag","embeddable":true,"href":"https:\/\/www.federacaopaulistadefutsal.com.br\/novo\/wp-json\/wp\/v2\/tags?post=20908"}],"curies":[{"name":"wp","href":"https:\/\/api.w.org\/{rel}","templated":true}]}}