{"id":20933,"date":"2017-12-16T21:37:41","date_gmt":"2017-12-16T21:37:41","guid":{"rendered":"http:\/\/www.federacaopaulistadefutsal.com.br\/?p=20933"},"modified":"2017-12-16T21:37:41","modified_gmt":"2017-12-16T21:37:41","slug":"rafa-martins-se-torna-o-maior-artilheiro-da-historia-da-cp-2","status":"publish","type":"post","link":"https:\/\/www.federacaopaulistadefutsal.com.br\/novo\/rafa-martins-se-torna-o-maior-artilheiro-da-historia-da-cp-2\/","title":{"rendered":"Rafa Martins se torna o maior artilheiro da hist\u00f3ria da CP"},"content":{"rendered":"<p>Com os dois gols marcados na partida final da Copa Paulista, Rafa Martins, ala do Tempersul\/Dracena, encerrou a competi\u00e7\u00e3o como o principal artilheiro com 15 gols assinalados. Al\u00e9m disso, o atleta se tornou o maior goleador da hist\u00f3ria do torneio, disputado desde 2012. Confira abaixo, os demais artilheiros ao longo dos anos:<br \/>\nNa primeira edi\u00e7\u00e3o do certame, Luizinho e Felipinho, ambos do Suzano\/Penalty, dividiram a artilharia com 10 gols cada. Na temporada seguinte, foi a vez de Thiago Cabe\u00e7a. O piv\u00f4 do Sert\u00e3ozinho Futsal foi \u00e0s redes em 12 oportunidades.<br \/>\nNa CP de 2014, Gr\u00eamio Recreativo Barueri e Rio Preto Autom\u00f3vel Clube decidiram o t\u00edtulo em dois grandes jogos. O GRB levou a melhor. Al\u00e9m de ficar com a primeira coloca\u00e7\u00e3o, teve o camisa 10, Kak\u00e1,\u00a0 como o principal goleador: nove gols.<br \/>\nNo ano de 2015, a Intelli\/Orl\u00e2ndia, al\u00e9m de ser a campe\u00e3, tamb\u00e9m teve o artilheiro da competi\u00e7\u00e3o, o piv\u00f4 Thiago Cabe\u00e7a, que mais uma vez balan\u00e7ou as redes em 12 oportunidades. Em 2016, Johnny, campe\u00e3o pelo S\u00e3o Jos\u00e9\/Valesul, encerrou o certame no topo da artilharia ao marcar 12 vezes.<br \/>\n<em>Informa\u00e7\u00f5es: Gilberto Santos<\/em><\/p>\n","protected":false},"excerpt":{"rendered":"<p>Com os dois gols marcados na partida final da Copa Paulista, Rafa Martins, ala do Tempersul\/Dracena, encerrou a competi\u00e7\u00e3o como<\/p>\n","protected":false},"author":1,"featured_media":20935,"comment_status":"closed","ping_status":"open","sticky":false,"template":"","format":"standard","meta":{"footnotes":""},"categories":[23],"tags":[718,1071,42,2429],"class_list":["post-20933","post","type-post","status-publish","format-standard","has-post-thumbnail","hentry","category-copa-paulista","tag-copa-paulista","tag-final","tag-fpfs","tag-tempersuldracena"],"_links":{"self":[{"href":"https:\/\/www.federacaopaulistadefutsal.com.br\/novo\/wp-json\/wp\/v2\/posts\/20933","targetHints":{"allow":["GET"]}}],"collection":[{"href":"https:\/\/www.federacaopaulistadefutsal.com.br\/novo\/wp-json\/wp\/v2\/posts"}],"about":[{"href":"https:\/\/www.federacaopaulistadefutsal.com.br\/novo\/wp-json\/wp\/v2\/types\/post"}],"author":[{"embeddable":true,"href":"https:\/\/www.federacaopaulistadefutsal.com.br\/novo\/wp-json\/wp\/v2\/users\/1"}],"replies":[{"embeddable":true,"href":"https:\/\/www.federacaopaulistadefutsal.com.br\/novo\/wp-json\/wp\/v2\/comments?post=20933"}],"version-history":[{"count":0,"href":"https:\/\/www.federacaopaulistadefutsal.com.br\/novo\/wp-json\/wp\/v2\/posts\/20933\/revisions"}],"wp:featuredmedia":[{"embeddable":true,"href":"https:\/\/www.federacaopaulistadefutsal.com.br\/novo\/wp-json\/"}],"wp:attachment":[{"href":"https:\/\/www.federacaopaulistadefutsal.com.br\/novo\/wp-json\/wp\/v2\/media?parent=20933"}],"wp:term":[{"taxonomy":"category","embeddable":true,"href":"https:\/\/www.federacaopaulistadefutsal.com.br\/novo\/wp-json\/wp\/v2\/categories?post=20933"},{"taxonomy":"post_tag","embeddable":true,"href":"https:\/\/www.federacaopaulistadefutsal.com.br\/novo\/wp-json\/wp\/v2\/tags?post=20933"}],"curies":[{"name":"wp","href":"https:\/\/api.w.org\/{rel}","templated":true}]}}