{"id":20946,"date":"2017-12-17T21:05:37","date_gmt":"2017-12-17T21:05:37","guid":{"rendered":"http:\/\/www.federacaopaulistadefutsal.com.br\/?p=20946"},"modified":"2017-12-17T21:05:37","modified_gmt":"2017-12-17T21:05:37","slug":"exclusivo-luana-fica-no-taboao-da-serra-por-mais-um-ano","status":"publish","type":"post","link":"https:\/\/www.federacaopaulistadefutsal.com.br\/novo\/exclusivo-luana-fica-no-taboao-da-serra-por-mais-um-ano\/","title":{"rendered":"Exclusivo: Luana fica no Tabo\u00e3o da Serra por mais um ano"},"content":{"rendered":"<p>A diretoria do Tabo\u00e3o da Serra segue com o seu planejamento visando as competi\u00e7\u00f5es que disputar\u00e1 no pr\u00f3ximo ano. Ap\u00f3s os dirigentes renovarem por mais um ano com a goleira Marielle, campe\u00e3 com a Sele\u00e7\u00e3o Brasileira na Copa Am\u00e9rica, realizada no \u00faltimo m\u00eas de novembro, no Uruguai, outra jogadora que defendeu as cores verde e amarela e foi campe\u00e3o da competi\u00e7\u00e3o Sul-Americana tamb\u00e9m renovou com o Cats: Luana.<br \/>\nA atleta de 22 anos ficar\u00e1 por mais uma temporada no Tabo\u00e3o da Serra, e vai para o seu terceiro ano no clube. Em seu curr\u00edculo, Luana acumula t\u00edtulos como:\u00a0\u00a0Ta\u00e7a do Trof\u00e9u Piratininga, Ta\u00e7a Brasil de Futsal, Jogos Abertos entre outros,<br \/>\nA ala-direita retornou \u00e0s quadras no segundo semestre deste ano, ap\u00f3s ficar afastada durante um longo per\u00ed\u00f3do devido a les\u00e3o que sofreu no\u00a0ligamento anterior do joelho direito no come\u00e7o do ano.<\/p>\n","protected":false},"excerpt":{"rendered":"<p>A diretoria do Tabo\u00e3o da Serra segue com o seu planejamento visando as competi\u00e7\u00f5es que disputar\u00e1 no pr\u00f3ximo ano. Ap\u00f3s<\/p>\n","protected":false},"author":1,"featured_media":20948,"comment_status":"closed","ping_status":"open","sticky":false,"template":"","format":"standard","meta":{"footnotes":""},"categories":[25,26],"tags":[439,547,1046,42],"class_list":["post-20946","post","type-post","status-publish","format-standard","has-post-thumbnail","hentry","category-destaques","category-feminino","tag-c-a-taboao-da-serra","tag-categoria-principal","tag-feminino","tag-fpfs"],"_links":{"self":[{"href":"https:\/\/www.federacaopaulistadefutsal.com.br\/novo\/wp-json\/wp\/v2\/posts\/20946","targetHints":{"allow":["GET"]}}],"collection":[{"href":"https:\/\/www.federacaopaulistadefutsal.com.br\/novo\/wp-json\/wp\/v2\/posts"}],"about":[{"href":"https:\/\/www.federacaopaulistadefutsal.com.br\/novo\/wp-json\/wp\/v2\/types\/post"}],"author":[{"embeddable":true,"href":"https:\/\/www.federacaopaulistadefutsal.com.br\/novo\/wp-json\/wp\/v2\/users\/1"}],"replies":[{"embeddable":true,"href":"https:\/\/www.federacaopaulistadefutsal.com.br\/novo\/wp-json\/wp\/v2\/comments?post=20946"}],"version-history":[{"count":0,"href":"https:\/\/www.federacaopaulistadefutsal.com.br\/novo\/wp-json\/wp\/v2\/posts\/20946\/revisions"}],"wp:featuredmedia":[{"embeddable":true,"href":"https:\/\/www.federacaopaulistadefutsal.com.br\/novo\/wp-json\/"}],"wp:attachment":[{"href":"https:\/\/www.federacaopaulistadefutsal.com.br\/novo\/wp-json\/wp\/v2\/media?parent=20946"}],"wp:term":[{"taxonomy":"category","embeddable":true,"href":"https:\/\/www.federacaopaulistadefutsal.com.br\/novo\/wp-json\/wp\/v2\/categories?post=20946"},{"taxonomy":"post_tag","embeddable":true,"href":"https:\/\/www.federacaopaulistadefutsal.com.br\/novo\/wp-json\/wp\/v2\/tags?post=20946"}],"curies":[{"name":"wp","href":"https:\/\/api.w.org\/{rel}","templated":true}]}}