{"id":20954,"date":"2017-12-18T14:31:19","date_gmt":"2017-12-18T14:31:19","guid":{"rendered":"http:\/\/www.federacaopaulistadefutsal.com.br\/?p=20954"},"modified":"2017-12-18T14:31:19","modified_gmt":"2017-12-18T14:31:19","slug":"goleira-do-sao-jose-credita-sucesso-do-elenco-na-temporada-devido-a-mescla-entre-juventude-e-experiencia-2","status":"publish","type":"post","link":"https:\/\/www.federacaopaulistadefutsal.com.br\/novo\/goleira-do-sao-jose-credita-sucesso-do-elenco-na-temporada-devido-a-mescla-entre-juventude-e-experiencia-2\/","title":{"rendered":"Goleira do S\u00e3o Jos\u00e9 credita sucesso do elenco na temporada devido a mescla entre juventude e experi\u00eancia"},"content":{"rendered":"<p>Nas duas competi\u00e7\u00f5es organizadas pela FPFS neste ano envolvendo o futsal feminino (Metropolitano e Estadual, respectivamente), o time do S\u00e3o Jos\u00e9 sagrou-se campe\u00e3o em ambas na categoria principal, com o t\u00edtulo do primeiro semestre sendo conquistado de maneira invicita.<br \/>\nJ\u00e1 o t\u00edtulo do Estadual veio de maneira aguerrida: ap\u00f3s perder o primeiro jogo por 4 a 1, o time de S\u00e3o Jos\u00e9 dos Campos s\u00f3 tinha um objetivo: vencer no tempo normal e pelo menos empatar na prorroga\u00e7\u00e3o com o S\u00e3o Bernardo para sagrar-se campe\u00e3o. O t\u00edtulo veio ap\u00f3s vit\u00f3rias nos dois tempos.<br \/>\nDurante as competi\u00e7\u00f5es, o time do DVS S\u00e3o Jos\u00e9 foi \u00e0 quadra com uma mescla de jogadoras mais novas e outras com mais experi\u00eancisa. Para a goleira Sara, uma das mais experientes do grupo, o fato do time ter essa mescla n\u00e3o foi um problema, muito pelo contr\u00e1rio, ajudou nas conquistas da equipe.<br \/>\n&#8220;Era uma equipe jovem. Conseguimos mesclar a experi\u00eancia com a juventude. Nosso Sub-20 nos deu bastante suporte e conseguimos os resultados atrav\u00e9s das conquistas.\u00a0 Somos uma equipe vencedora&#8221;, disse.<br \/>\nCom seis anos de casa, a jogadoras de 23 anos viu de perto a evolu\u00e7\u00e3o do futsal feminino na cidade de S\u00e3o Jos\u00e9 dos Campos e, apesar da pouca idade, j\u00e1 coleciona diversos t\u00edtulos com o clube &#8220;Ao longo desses seis anos eu vi a evolu\u00e7\u00e3o do S\u00e3o Jos\u00e9 no futsal feminino. Comecei na categoria Sub-20, onde conquistamos tr\u00eas t\u00edtulos paulistas (2012, 2013 e 2014). Na equipe adulta, foram cinco t\u00edtulos paulistas e dois metropolitanos&#8221;.<br \/>\nNascida em S\u00e3o Bernardo do Campo, Sara tamb\u00e9m foi campe\u00e3 em outras oportunidades com o clube:\u00a0 bicampeonato do Trof\u00e9u Piratiginga, Copa Paulista do Interior entre outros.<br \/>\n<em>Foto: S\u00e3o Jos\u00e9 Futsal\/Divulga\u00e7\u00e3o<\/em><\/p>\n","protected":false},"excerpt":{"rendered":"<p>Nas duas competi\u00e7\u00f5es organizadas pela FPFS neste ano envolvendo o futsal feminino (Metropolitano e Estadual, respectivamente), o time do S\u00e3o<\/p>\n","protected":false},"author":1,"featured_media":20958,"comment_status":"closed","ping_status":"open","sticky":false,"template":"","format":"standard","meta":{"footnotes":""},"categories":[25,26],"tags":[653,891,42,1138],"class_list":["post-20954","post","type-post","status-publish","format-standard","has-post-thumbnail","hentry","category-destaques","category-feminino","tag-competicoes","tag-dvs-sao-jose-futsal","tag-fpfs","tag-futsal-feminino"],"_links":{"self":[{"href":"https:\/\/www.federacaopaulistadefutsal.com.br\/novo\/wp-json\/wp\/v2\/posts\/20954","targetHints":{"allow":["GET"]}}],"collection":[{"href":"https:\/\/www.federacaopaulistadefutsal.com.br\/novo\/wp-json\/wp\/v2\/posts"}],"about":[{"href":"https:\/\/www.federacaopaulistadefutsal.com.br\/novo\/wp-json\/wp\/v2\/types\/post"}],"author":[{"embeddable":true,"href":"https:\/\/www.federacaopaulistadefutsal.com.br\/novo\/wp-json\/wp\/v2\/users\/1"}],"replies":[{"embeddable":true,"href":"https:\/\/www.federacaopaulistadefutsal.com.br\/novo\/wp-json\/wp\/v2\/comments?post=20954"}],"version-history":[{"count":0,"href":"https:\/\/www.federacaopaulistadefutsal.com.br\/novo\/wp-json\/wp\/v2\/posts\/20954\/revisions"}],"wp:featuredmedia":[{"embeddable":true,"href":"https:\/\/www.federacaopaulistadefutsal.com.br\/novo\/wp-json\/"}],"wp:attachment":[{"href":"https:\/\/www.federacaopaulistadefutsal.com.br\/novo\/wp-json\/wp\/v2\/media?parent=20954"}],"wp:term":[{"taxonomy":"category","embeddable":true,"href":"https:\/\/www.federacaopaulistadefutsal.com.br\/novo\/wp-json\/wp\/v2\/categories?post=20954"},{"taxonomy":"post_tag","embeddable":true,"href":"https:\/\/www.federacaopaulistadefutsal.com.br\/novo\/wp-json\/wp\/v2\/tags?post=20954"}],"curies":[{"name":"wp","href":"https:\/\/api.w.org\/{rel}","templated":true}]}}