{"id":21080,"date":"2018-01-09T19:44:09","date_gmt":"2018-01-09T19:44:09","guid":{"rendered":"http:\/\/www.federacaopaulistadefutsal.com.br\/?p=21080"},"modified":"2018-01-09T19:44:09","modified_gmt":"2018-01-09T19:44:09","slug":"thiago-gouvea-fica-na-aabb-mapfre-por-mais-uma-temporada-me-sinto-em-casa","status":"publish","type":"post","link":"https:\/\/www.federacaopaulistadefutsal.com.br\/novo\/thiago-gouvea-fica-na-aabb-mapfre-por-mais-uma-temporada-me-sinto-em-casa\/","title":{"rendered":"Thiago Gouvea fica na AABB\/MAPFRE por mais uma temporada: &quot;Me sinto em casa&quot;"},"content":{"rendered":"<p>AABB\/MAPFRE e o piv\u00f4 Thiago Gouvea chegaram a um acordo de renova\u00e7\u00e3o de contrato. Com isso, o atleta ficar\u00e1 no clube da capital paulista por mais uma temporada e ser\u00e1 pe\u00e7a fundamental no time treinado por Kazu para o decorrer das competi\u00e7\u00f5es neste ano.<br \/>\nThiago Gouvea foi o artilheiro da equipe\u00a0 na temporada passada, anotando 25 gols com a camisa ababeana. Al\u00e9m de ficar com a artilharia, conquistou junto com seus companheiros o Campeonato Estadual Principal e a Ta\u00e7a Brasil.<br \/>\n&#8220;Estou muito feliz. A AABB\/MAPFRE \u00e9 um clube muito bom para trabalhar. Desde a minha chegada em 2016, fui muito bem recebido e hoje tenho grandes amizades no elenco. Me sinto em casa&#8221;, disse o piv\u00f4, que vai\u00a0para a sua terceira temporada vestindo a camisa azul e branca.<\/p>\n","protected":false},"excerpt":{"rendered":"<p>AABB\/MAPFRE e o piv\u00f4 Thiago Gouvea chegaram a um acordo de renova\u00e7\u00e3o de contrato. Com isso, o atleta ficar\u00e1 no<\/p>\n","protected":false},"author":1,"featured_media":19779,"comment_status":"closed","ping_status":"open","sticky":false,"template":"","format":"standard","meta":{"footnotes":""},"categories":[25,32],"tags":[136,42,1146],"class_list":["post-21080","post","type-post","status-publish","format-standard","has-post-thumbnail","hentry","category-destaques","category-maiores","tag-aabbmapfre","tag-fpfs","tag-futsal-mascuino"],"_links":{"self":[{"href":"https:\/\/www.federacaopaulistadefutsal.com.br\/novo\/wp-json\/wp\/v2\/posts\/21080","targetHints":{"allow":["GET"]}}],"collection":[{"href":"https:\/\/www.federacaopaulistadefutsal.com.br\/novo\/wp-json\/wp\/v2\/posts"}],"about":[{"href":"https:\/\/www.federacaopaulistadefutsal.com.br\/novo\/wp-json\/wp\/v2\/types\/post"}],"author":[{"embeddable":true,"href":"https:\/\/www.federacaopaulistadefutsal.com.br\/novo\/wp-json\/wp\/v2\/users\/1"}],"replies":[{"embeddable":true,"href":"https:\/\/www.federacaopaulistadefutsal.com.br\/novo\/wp-json\/wp\/v2\/comments?post=21080"}],"version-history":[{"count":0,"href":"https:\/\/www.federacaopaulistadefutsal.com.br\/novo\/wp-json\/wp\/v2\/posts\/21080\/revisions"}],"wp:featuredmedia":[{"embeddable":true,"href":"https:\/\/www.federacaopaulistadefutsal.com.br\/novo\/wp-json\/"}],"wp:attachment":[{"href":"https:\/\/www.federacaopaulistadefutsal.com.br\/novo\/wp-json\/wp\/v2\/media?parent=21080"}],"wp:term":[{"taxonomy":"category","embeddable":true,"href":"https:\/\/www.federacaopaulistadefutsal.com.br\/novo\/wp-json\/wp\/v2\/categories?post=21080"},{"taxonomy":"post_tag","embeddable":true,"href":"https:\/\/www.federacaopaulistadefutsal.com.br\/novo\/wp-json\/wp\/v2\/tags?post=21080"}],"curies":[{"name":"wp","href":"https:\/\/api.w.org\/{rel}","templated":true}]}}