{"id":21131,"date":"2018-01-11T21:31:22","date_gmt":"2018-01-11T21:31:22","guid":{"rendered":"http:\/\/www.federacaopaulistadefutsal.com.br\/?p=21131"},"modified":"2018-01-11T21:31:22","modified_gmt":"2018-01-11T21:31:22","slug":"quatro-clubes-paulistas-confirmam-participacao-na-lnf-deste-ano-sao-jose-e-a-novidade-3","status":"publish","type":"post","link":"https:\/\/www.federacaopaulistadefutsal.com.br\/novo\/quatro-clubes-paulistas-confirmam-participacao-na-lnf-deste-ano-sao-jose-e-a-novidade-3\/","title":{"rendered":"Quatro clubes paulistas confirmam participa\u00e7\u00e3o na LNF deste ano; S\u00e3o Jos\u00e9 \u00e9 a novidade"},"content":{"rendered":"<p>A organiza\u00e7\u00e3o da Liga Nacional de Futsal (LNF) confirmou nesta semana, a participa\u00e7\u00e3o de 19 clubes para a temporada 2018 da competi\u00e7\u00e3o. Entre as novidades, est\u00e1 a inclus\u00e3o do S\u00e3o Jos\u00e9 (SP), al\u00e9m do Shouse (PA), primeira equipe do norte do pa\u00eds que ir\u00e1 disputar a LNF na hist\u00f3ria.<br \/>\nDos que entraram em quadra em 2017 ok, quinze seguem no torneio, como os campe\u00f5es Carlos Barbosa (RS), Jaragu\u00e1 (SC), Corinthians (SP), Magnus (SP), Intelli (SP) e o \u00faltimo vencedor, Joinville (SC).<br \/>\nOs franqueados S\u00e3o Jos\u00e9 (SP) e Cascavel (PR) voltam nessa temporada, al\u00e9m de Blumenau (SC), equipe convidada que teve a cidade representada no campeonato pela \u00faltima vez em 2015.<br \/>\nA tabela e novas informa\u00e7\u00f5es sobre a LNF 2018 ainda ser\u00e3o divulgadas pela organiza\u00e7\u00e3o.<br \/>\n<strong>Equipes da LNF 2018<\/strong><br \/>\nACBF\/RS<br \/>\nAssoeva\/RS<br \/>\nAtl\u00e2ntico\/RS<br \/>\nBlumenau\/SC \u2013 Convidado<br \/>\nCascavel\/PR<br \/>\nCopagril\/PR<br \/>\nCorinthians\/SP<br \/>\nFoz Cataratas\/PR<br \/>\nIntelli\/SP<br \/>\nJaragu\u00e1\/SC<br \/>\nJoa\u00e7aba\/SC<br \/>\nJoinville\/SC<br \/>\nMagnus\/SP<br \/>\nMarreco\/PR<br \/>\nMinas\/MG<br \/>\nPato\/PR<br \/>\nS\u00e3o Jos\u00e9\/SP<br \/>\nShouse\/PA \u2013 Convidado<br \/>\nTubar\u00e3o\/SC<br \/>\n<em>Informa\u00e7\u00f5es: Assessoria de imprensa LNF<\/em><br \/>\n&nbsp;<\/p>\n","protected":false},"excerpt":{"rendered":"<p>A organiza\u00e7\u00e3o da Liga Nacional de Futsal (LNF) confirmou nesta semana, a participa\u00e7\u00e3o de 19 clubes para a temporada 2018<\/p>\n","protected":false},"author":1,"featured_media":21133,"comment_status":"closed","ping_status":"open","sticky":false,"template":"","format":"standard","meta":{"footnotes":""},"categories":[25,30],"tags":[171,42,1546,1571,2151,2201],"class_list":["post-21131","post","type-post","status-publish","format-standard","has-post-thumbnail","hentry","category-destaques","category-liga-nacional-de-futsal","tag-adc-intelli","tag-fpfs","tag-lnf","tag-magnus-futsal","tag-s-c-corinthians","tag-sao-jose-futsal"],"_links":{"self":[{"href":"https:\/\/www.federacaopaulistadefutsal.com.br\/novo\/wp-json\/wp\/v2\/posts\/21131","targetHints":{"allow":["GET"]}}],"collection":[{"href":"https:\/\/www.federacaopaulistadefutsal.com.br\/novo\/wp-json\/wp\/v2\/posts"}],"about":[{"href":"https:\/\/www.federacaopaulistadefutsal.com.br\/novo\/wp-json\/wp\/v2\/types\/post"}],"author":[{"embeddable":true,"href":"https:\/\/www.federacaopaulistadefutsal.com.br\/novo\/wp-json\/wp\/v2\/users\/1"}],"replies":[{"embeddable":true,"href":"https:\/\/www.federacaopaulistadefutsal.com.br\/novo\/wp-json\/wp\/v2\/comments?post=21131"}],"version-history":[{"count":0,"href":"https:\/\/www.federacaopaulistadefutsal.com.br\/novo\/wp-json\/wp\/v2\/posts\/21131\/revisions"}],"wp:featuredmedia":[{"embeddable":true,"href":"https:\/\/www.federacaopaulistadefutsal.com.br\/novo\/wp-json\/"}],"wp:attachment":[{"href":"https:\/\/www.federacaopaulistadefutsal.com.br\/novo\/wp-json\/wp\/v2\/media?parent=21131"}],"wp:term":[{"taxonomy":"category","embeddable":true,"href":"https:\/\/www.federacaopaulistadefutsal.com.br\/novo\/wp-json\/wp\/v2\/categories?post=21131"},{"taxonomy":"post_tag","embeddable":true,"href":"https:\/\/www.federacaopaulistadefutsal.com.br\/novo\/wp-json\/wp\/v2\/tags?post=21131"}],"curies":[{"name":"wp","href":"https:\/\/api.w.org\/{rel}","templated":true}]}}