{"id":21146,"date":"2018-01-12T12:01:37","date_gmt":"2018-01-12T12:01:37","guid":{"rendered":"http:\/\/www.federacaopaulistadefutsal.com.br\/?p=21146"},"modified":"2018-01-12T12:01:37","modified_gmt":"2018-01-12T12:01:37","slug":"barueri-acerta-com-dieguinho-campeao-da-copa-paulista-pelo-taubate-3","status":"publish","type":"post","link":"https:\/\/www.federacaopaulistadefutsal.com.br\/novo\/barueri-acerta-com-dieguinho-campeao-da-copa-paulista-pelo-taubate-3\/","title":{"rendered":"Barueri acerta com Dieguinho, campe\u00e3o da Copa Paulista pelo Taubat\u00e9"},"content":{"rendered":"<p style=\"text-align: justify;\">Campe\u00e3o da Copa Paulista pela ADC Ford\/Taubat\u00e9 em 2017 e um dos destaques da equipe vale-paraibana no ano, o ala Dieguinho est\u00e1 de casa nova. Neste in\u00edcio de temporada, o atleta acertou sua transfer\u00eancia com o GR Barueri e \u00e9 um dos principais refor\u00e7os no time comandado por Gustavo Passos.<\/p>\n<p style=\"text-align: justify;\">No ano de 2014, Dieguinho despontou para o cen\u00e1rio na categoria sub-20 do Corinthians, sendo campe\u00e3o de todas as competi\u00e7\u00f5es disputadas. Na sequ\u00eancia, passou pelo Mes Sungun, do Ir\u00e3.<\/p>\n<p style=\"text-align: justify;\">Em sua volta para o Brasil, em 2016, Dieguinho defendeu as cores da AD Indaiatuba\/9 de Julho\/Pipocas Clac.<\/p>\n<p style=\"text-align: justify;\"><em>Foto: Daniel Gra\u00e7a | LPF<\/em><\/p>\n","protected":false},"excerpt":{"rendered":"<p>Campe\u00e3o da Copa Paulista pela ADC Ford\/Taubat\u00e9 em 2017 e um dos destaques da equipe vale-paraibana no ano, o ala<\/p>\n","protected":false},"author":1,"featured_media":21148,"comment_status":"closed","ping_status":"open","sticky":false,"template":"","format":"standard","meta":{"footnotes":""},"categories":[32],"tags":[42,1146,1209,1556],"class_list":["post-21146","post","type-post","status-publish","format-standard","has-post-thumbnail","hentry","category-maiores","tag-fpfs","tag-futsal-mascuino","tag-gr-barueri","tag-lpf"],"_links":{"self":[{"href":"https:\/\/www.federacaopaulistadefutsal.com.br\/novo\/wp-json\/wp\/v2\/posts\/21146","targetHints":{"allow":["GET"]}}],"collection":[{"href":"https:\/\/www.federacaopaulistadefutsal.com.br\/novo\/wp-json\/wp\/v2\/posts"}],"about":[{"href":"https:\/\/www.federacaopaulistadefutsal.com.br\/novo\/wp-json\/wp\/v2\/types\/post"}],"author":[{"embeddable":true,"href":"https:\/\/www.federacaopaulistadefutsal.com.br\/novo\/wp-json\/wp\/v2\/users\/1"}],"replies":[{"embeddable":true,"href":"https:\/\/www.federacaopaulistadefutsal.com.br\/novo\/wp-json\/wp\/v2\/comments?post=21146"}],"version-history":[{"count":0,"href":"https:\/\/www.federacaopaulistadefutsal.com.br\/novo\/wp-json\/wp\/v2\/posts\/21146\/revisions"}],"wp:featuredmedia":[{"embeddable":true,"href":"https:\/\/www.federacaopaulistadefutsal.com.br\/novo\/wp-json\/"}],"wp:attachment":[{"href":"https:\/\/www.federacaopaulistadefutsal.com.br\/novo\/wp-json\/wp\/v2\/media?parent=21146"}],"wp:term":[{"taxonomy":"category","embeddable":true,"href":"https:\/\/www.federacaopaulistadefutsal.com.br\/novo\/wp-json\/wp\/v2\/categories?post=21146"},{"taxonomy":"post_tag","embeddable":true,"href":"https:\/\/www.federacaopaulistadefutsal.com.br\/novo\/wp-json\/wp\/v2\/tags?post=21146"}],"curies":[{"name":"wp","href":"https:\/\/api.w.org\/{rel}","templated":true}]}}