{"id":21153,"date":"2018-01-12T10:30:58","date_gmt":"2018-01-12T10:30:58","guid":{"rendered":"http:\/\/www.federacaopaulistadefutsal.com.br\/?p=21153"},"modified":"2018-01-12T10:30:58","modified_gmt":"2018-01-12T10:30:58","slug":"ad-indaiatuba-abre-processo-para-peneiras-na-categoria-sub-20-2","status":"publish","type":"post","link":"https:\/\/www.federacaopaulistadefutsal.com.br\/novo\/ad-indaiatuba-abre-processo-para-peneiras-na-categoria-sub-20-2\/","title":{"rendered":"AD Indaiatuba abre processo para peneiras na categoria Sub-20"},"content":{"rendered":"<p>A AD Indaiatuba vai realizar, a partir do pr\u00f3ximo m\u00eas, peneiras na categoria Sub-20 (atletas nascidos entre 1998 e 1999), visando a disputa do Campeonato Estadual Menores. N\u00e3o \u00e9 necess\u00e1rio fazer inscri\u00e7\u00e3o, basta o interessado comparecer ao local informado logo abaixo com as vestimentas esportivas para realizar o processos de sele\u00e7\u00e3o. \u00c9 indicado que os atletas cheguem com pelo menos 15 minutos de anteced\u00eancia.<br \/>\nDia: s\u00e1bado (3 de fevereiro) &#8211; das 9h \u00e0s 11h.<br \/>\nLocal: Centro Esportivo do R\u00f4mulo Zoppi &#8211; Rua Helena Tamasi, 53.<br \/>\nDocumentos necess\u00e1rios: Documento de identidade.<br \/>\nVestimentas: Camisa, shorts, mei\u00e3o, caneleiras e chuteiras.<\/p>\n","protected":false},"excerpt":{"rendered":"<p>A AD Indaiatuba vai realizar, a partir do pr\u00f3ximo m\u00eas, peneiras na categoria Sub-20 (atletas nascidos entre 1998 e 1999),<\/p>\n","protected":false},"author":1,"featured_media":21105,"comment_status":"closed","ping_status":"open","sticky":false,"template":"","format":"standard","meta":{"footnotes":""},"categories":[25,33],"tags":[475,549,42,1745],"class_list":["post-21153","post","type-post","status-publish","format-standard","has-post-thumbnail","hentry","category-destaques","category-menores","tag-campeonato-estadual","tag-categoria-sub-20","tag-fpfs","tag-novas-peneiras"],"_links":{"self":[{"href":"https:\/\/www.federacaopaulistadefutsal.com.br\/novo\/wp-json\/wp\/v2\/posts\/21153","targetHints":{"allow":["GET"]}}],"collection":[{"href":"https:\/\/www.federacaopaulistadefutsal.com.br\/novo\/wp-json\/wp\/v2\/posts"}],"about":[{"href":"https:\/\/www.federacaopaulistadefutsal.com.br\/novo\/wp-json\/wp\/v2\/types\/post"}],"author":[{"embeddable":true,"href":"https:\/\/www.federacaopaulistadefutsal.com.br\/novo\/wp-json\/wp\/v2\/users\/1"}],"replies":[{"embeddable":true,"href":"https:\/\/www.federacaopaulistadefutsal.com.br\/novo\/wp-json\/wp\/v2\/comments?post=21153"}],"version-history":[{"count":0,"href":"https:\/\/www.federacaopaulistadefutsal.com.br\/novo\/wp-json\/wp\/v2\/posts\/21153\/revisions"}],"wp:featuredmedia":[{"embeddable":true,"href":"https:\/\/www.federacaopaulistadefutsal.com.br\/novo\/wp-json\/"}],"wp:attachment":[{"href":"https:\/\/www.federacaopaulistadefutsal.com.br\/novo\/wp-json\/wp\/v2\/media?parent=21153"}],"wp:term":[{"taxonomy":"category","embeddable":true,"href":"https:\/\/www.federacaopaulistadefutsal.com.br\/novo\/wp-json\/wp\/v2\/categories?post=21153"},{"taxonomy":"post_tag","embeddable":true,"href":"https:\/\/www.federacaopaulistadefutsal.com.br\/novo\/wp-json\/wp\/v2\/tags?post=21153"}],"curies":[{"name":"wp","href":"https:\/\/api.w.org\/{rel}","templated":true}]}}