{"id":21217,"date":"2018-01-16T10:47:29","date_gmt":"2018-01-16T10:47:29","guid":{"rendered":"http:\/\/www.federacaopaulistadefutsal.com.br\/?p=21217"},"modified":"2018-01-16T10:47:29","modified_gmt":"2018-01-16T10:47:29","slug":"pinda-futsal-semelp-realiza-peneiras-neste-mes-em-tres-categorias","status":"publish","type":"post","link":"https:\/\/www.federacaopaulistadefutsal.com.br\/novo\/pinda-futsal-semelp-realiza-peneiras-neste-mes-em-tres-categorias\/","title":{"rendered":"Pinda Futsal\/SEMELP realiza peneiras neste m\u00eas em tr\u00eas categorias"},"content":{"rendered":"<p>Visando as competi\u00e7\u00f5es na temporada 2018: Campeonato Paulista, Jogos Abertos da Juventude e Jogos REgionais,\u00a0 o Pinda Futsal\/SEMELP abrie seletivas nas categorias Sub-16, Sub-18 e Sub-20. Os testes acontecer\u00e3o a partir do dia 23 de janeiro (ter\u00e7a-feira), sendo neste dia na categoria Sub-20 (nascidos nos anos de 1998 e 1999).<br \/>\nNo dia 25 (quinta-feira), ser\u00e1 a vez das categorias Sub-16 e Sub-18. (nascidos em 2000, 2001, 2002 e 2003. Em ambos os dias a previs\u00e3o de \u00ednicio das peneiras ser\u00e1 a partir das 19h.<br \/>\nAs peneiras ser\u00e3o realizadas no Gin\u00e1sio de Esportes Tobias Salgado &#8211; A.A. Ferrovi\u00e1ria, na<br \/>\nRua \u00c1lvaro Pinto Madureira, 81 &#8211; Centro.<br \/>\nSer\u00e1 necess\u00e1rio a apresenta\u00e7\u00e3o do documento de identidade e CPF, assim como levar os seguintes trajes para participar dos testes: camisa, shorts, mei\u00e3o e chuteira.<br \/>\n&nbsp;<\/p>\n","protected":false},"excerpt":{"rendered":"<p>Visando as competi\u00e7\u00f5es na temporada 2018: Campeonato Paulista, Jogos Abertos da Juventude e Jogos REgionais,\u00a0 o Pinda Futsal\/SEMELP abrie seletivas<\/p>\n","protected":false},"author":1,"featured_media":21105,"comment_status":"closed","ping_status":"open","sticky":false,"template":"","format":"standard","meta":{"footnotes":""},"categories":[25,33],"tags":[653,42,1150,1858],"class_list":["post-21217","post","type-post","status-publish","format-standard","has-post-thumbnail","hentry","category-destaques","category-menores","tag-competicoes","tag-fpfs","tag-futsal-menores","tag-peneira"],"_links":{"self":[{"href":"https:\/\/www.federacaopaulistadefutsal.com.br\/novo\/wp-json\/wp\/v2\/posts\/21217","targetHints":{"allow":["GET"]}}],"collection":[{"href":"https:\/\/www.federacaopaulistadefutsal.com.br\/novo\/wp-json\/wp\/v2\/posts"}],"about":[{"href":"https:\/\/www.federacaopaulistadefutsal.com.br\/novo\/wp-json\/wp\/v2\/types\/post"}],"author":[{"embeddable":true,"href":"https:\/\/www.federacaopaulistadefutsal.com.br\/novo\/wp-json\/wp\/v2\/users\/1"}],"replies":[{"embeddable":true,"href":"https:\/\/www.federacaopaulistadefutsal.com.br\/novo\/wp-json\/wp\/v2\/comments?post=21217"}],"version-history":[{"count":0,"href":"https:\/\/www.federacaopaulistadefutsal.com.br\/novo\/wp-json\/wp\/v2\/posts\/21217\/revisions"}],"wp:featuredmedia":[{"embeddable":true,"href":"https:\/\/www.federacaopaulistadefutsal.com.br\/novo\/wp-json\/"}],"wp:attachment":[{"href":"https:\/\/www.federacaopaulistadefutsal.com.br\/novo\/wp-json\/wp\/v2\/media?parent=21217"}],"wp:term":[{"taxonomy":"category","embeddable":true,"href":"https:\/\/www.federacaopaulistadefutsal.com.br\/novo\/wp-json\/wp\/v2\/categories?post=21217"},{"taxonomy":"post_tag","embeddable":true,"href":"https:\/\/www.federacaopaulistadefutsal.com.br\/novo\/wp-json\/wp\/v2\/tags?post=21217"}],"curies":[{"name":"wp","href":"https:\/\/api.w.org\/{rel}","templated":true}]}}