{"id":21273,"date":"2018-01-18T19:53:09","date_gmt":"2018-01-18T19:53:09","guid":{"rendered":"http:\/\/www.federacaopaulistadefutsal.com.br\/?p=21273"},"modified":"2018-01-18T19:53:09","modified_gmt":"2018-01-18T19:53:09","slug":"retrospectiva-dracena-fica-com-o-bronze-nos-abertos-abertos-do-interior","status":"publish","type":"post","link":"https:\/\/www.federacaopaulistadefutsal.com.br\/novo\/retrospectiva-dracena-fica-com-o-bronze-nos-abertos-abertos-do-interior\/","title":{"rendered":"Retrospectiva: Dracena fica com o bronze nos Abertos Abertos do Interior"},"content":{"rendered":"<p>Campe\u00e3o em 2016, o time dracenense ficou com o bronze ap\u00f3s disputa nas penalidades m\u00e1ximas. O duelo ocorreu no gin\u00e1sio do Clube Mesc, em S\u00e3o Bernardo do Campo, na regi\u00e3o do Grande ABC, sede dos Jogos Abertos.<br \/>\nGleison e Tatinho marcaram os gols dracenenses no tempo normal e, nos p\u00eanaltis, vit\u00f3ria por 2 a 1 (com uma importante defesa de Jackson).<br \/>\nEsta foi a segunda partida decisiva que Dracena vence nas penalidades (em 2016, contra Sorocaba), o time da Alta Paulista sagrou-se campe\u00e3o tamb\u00e9m \u2018na bola parada\u2019.<\/p>\n","protected":false},"excerpt":{"rendered":"<p>Campe\u00e3o em 2016, o time dracenense ficou com o bronze ap\u00f3s disputa nas penalidades m\u00e1ximas. O duelo ocorreu no gin\u00e1sio<\/p>\n","protected":false},"author":1,"featured_media":21276,"comment_status":"closed","ping_status":"open","sticky":false,"template":"","format":"standard","meta":{"footnotes":""},"categories":[29,32],"tags":[877,42,1146,1427],"class_list":["post-21273","post","type-post","status-publish","format-standard","has-post-thumbnail","hentry","category-interior","category-maiores","tag-dracena","tag-fpfs","tag-futsal-mascuino","tag-jogos-abertos-do-interior"],"_links":{"self":[{"href":"https:\/\/www.federacaopaulistadefutsal.com.br\/novo\/wp-json\/wp\/v2\/posts\/21273","targetHints":{"allow":["GET"]}}],"collection":[{"href":"https:\/\/www.federacaopaulistadefutsal.com.br\/novo\/wp-json\/wp\/v2\/posts"}],"about":[{"href":"https:\/\/www.federacaopaulistadefutsal.com.br\/novo\/wp-json\/wp\/v2\/types\/post"}],"author":[{"embeddable":true,"href":"https:\/\/www.federacaopaulistadefutsal.com.br\/novo\/wp-json\/wp\/v2\/users\/1"}],"replies":[{"embeddable":true,"href":"https:\/\/www.federacaopaulistadefutsal.com.br\/novo\/wp-json\/wp\/v2\/comments?post=21273"}],"version-history":[{"count":0,"href":"https:\/\/www.federacaopaulistadefutsal.com.br\/novo\/wp-json\/wp\/v2\/posts\/21273\/revisions"}],"wp:featuredmedia":[{"embeddable":true,"href":"https:\/\/www.federacaopaulistadefutsal.com.br\/novo\/wp-json\/"}],"wp:attachment":[{"href":"https:\/\/www.federacaopaulistadefutsal.com.br\/novo\/wp-json\/wp\/v2\/media?parent=21273"}],"wp:term":[{"taxonomy":"category","embeddable":true,"href":"https:\/\/www.federacaopaulistadefutsal.com.br\/novo\/wp-json\/wp\/v2\/categories?post=21273"},{"taxonomy":"post_tag","embeddable":true,"href":"https:\/\/www.federacaopaulistadefutsal.com.br\/novo\/wp-json\/wp\/v2\/tags?post=21273"}],"curies":[{"name":"wp","href":"https:\/\/api.w.org\/{rel}","templated":true}]}}