{"id":21369,"date":"2018-01-25T17:55:53","date_gmt":"2018-01-25T17:55:53","guid":{"rendered":"http:\/\/www.federacaopaulistadefutsal.com.br\/?p=21369"},"modified":"2018-01-25T17:55:53","modified_gmt":"2018-01-25T17:55:53","slug":"equipe-principal-do-corinthians-inicia-fase-de-pre-temporada","status":"publish","type":"post","link":"https:\/\/www.federacaopaulistadefutsal.com.br\/novo\/equipe-principal-do-corinthians-inicia-fase-de-pre-temporada\/","title":{"rendered":"Equipe principal do Corinthians inicia fase de pr\u00e9-temporada"},"content":{"rendered":"<p>Assim como nos \u00faltimos anos, o Corinthians saiu na frente nesta fase de pr\u00e9-temporada. Desde a semana passada, o time comandado por Andr\u00e9 Bi\u00e9 segue firme com treinos di\u00e1rios no Gin\u00e1sio Wlamir Marques, em S\u00e3o Paulo (SP).<br \/>\nMaior campe\u00e3o da LPF (Liga Paulista de Futsal), com tr\u00eas alvinegro quer retomar o lugar mais alto do p\u00f3dio, uma vez que na \u00faltima temporada ficou com o vice no Estadual, e na LNF, caiu nas quartas de final.<br \/>\n<em>Foto: Divulga\u00e7\u00e3o\/Facebook<\/em><\/p>\n","protected":false},"excerpt":{"rendered":"<p>Assim como nos \u00faltimos anos, o Corinthians saiu na frente nesta fase de pr\u00e9-temporada. Desde a semana passada, o time<\/p>\n","protected":false},"author":1,"featured_media":21370,"comment_status":"closed","ping_status":"open","sticky":false,"template":"","format":"standard","meta":{"footnotes":""},"categories":[25,32],"tags":[553,42,1146,2151],"class_list":["post-21369","post","type-post","status-publish","format-standard","has-post-thumbnail","hentry","category-destaques","category-maiores","tag-categorias-maiores","tag-fpfs","tag-futsal-mascuino","tag-s-c-corinthians"],"_links":{"self":[{"href":"https:\/\/www.federacaopaulistadefutsal.com.br\/novo\/wp-json\/wp\/v2\/posts\/21369","targetHints":{"allow":["GET"]}}],"collection":[{"href":"https:\/\/www.federacaopaulistadefutsal.com.br\/novo\/wp-json\/wp\/v2\/posts"}],"about":[{"href":"https:\/\/www.federacaopaulistadefutsal.com.br\/novo\/wp-json\/wp\/v2\/types\/post"}],"author":[{"embeddable":true,"href":"https:\/\/www.federacaopaulistadefutsal.com.br\/novo\/wp-json\/wp\/v2\/users\/1"}],"replies":[{"embeddable":true,"href":"https:\/\/www.federacaopaulistadefutsal.com.br\/novo\/wp-json\/wp\/v2\/comments?post=21369"}],"version-history":[{"count":0,"href":"https:\/\/www.federacaopaulistadefutsal.com.br\/novo\/wp-json\/wp\/v2\/posts\/21369\/revisions"}],"wp:featuredmedia":[{"embeddable":true,"href":"https:\/\/www.federacaopaulistadefutsal.com.br\/novo\/wp-json\/"}],"wp:attachment":[{"href":"https:\/\/www.federacaopaulistadefutsal.com.br\/novo\/wp-json\/wp\/v2\/media?parent=21369"}],"wp:term":[{"taxonomy":"category","embeddable":true,"href":"https:\/\/www.federacaopaulistadefutsal.com.br\/novo\/wp-json\/wp\/v2\/categories?post=21369"},{"taxonomy":"post_tag","embeddable":true,"href":"https:\/\/www.federacaopaulistadefutsal.com.br\/novo\/wp-json\/wp\/v2\/tags?post=21369"}],"curies":[{"name":"wp","href":"https:\/\/api.w.org\/{rel}","templated":true}]}}