{"id":21408,"date":"2018-01-26T22:59:52","date_gmt":"2018-01-26T22:59:52","guid":{"rendered":"http:\/\/www.federacaopaulistadefutsal.com.br\/?p=21408"},"modified":"2018-01-26T22:59:52","modified_gmt":"2018-01-26T22:59:52","slug":"21408","status":"publish","type":"post","link":"https:\/\/www.federacaopaulistadefutsal.com.br\/novo\/21408\/","title":{"rendered":"Dieguinho \u00e9 o d\u00e9cimo refor\u00e7o do S\u00e3o Jos\u00e9 para a temporada"},"content":{"rendered":"<p>A diretoria do S\u00e3o Jos\u00e9 Futsal\/Mangua\u00e7a FS anuncia o ala Dieguinho como refor\u00e7o do clube para a temporada 2018. O ala entrou em acordo durante a semana com a equipe do Barueri e acertou, no in\u00edcio da tarde desta sexta feira, sua contrata\u00e7\u00e3o com a equipe do Vale do Para\u00edba.<br \/>\n&#8221;Estou muito feliz e motivado por essa oportunidade que o S\u00e3o Jos\u00e9 Futsal\/Mangua\u00e7a FS me deu. Podem ter certeza que darei meu melhor para ter um excelente ano. Tenho grandes expectativas com esse projeto e que possamos conquistar bons resultados esse ano.&#8221; Disse o ala Dieguinho, ap\u00f3s o seu acerto.<br \/>\nCom isso, a equipe chega a 10 refor\u00e7os para a temporada e ainda deve anunciar mais alguns nomes em breve.<br \/>\n<em>Informa\u00e7\u00f5es: Assessoria de imprensa S\u00e3o Jos\u00e9 Futsal\/Mangua\u00e7a FS<\/em><br \/>\n<em>Foto: Divulga\u00e7\u00e3o<\/em><\/p>\n","protected":false},"excerpt":{"rendered":"<p>A diretoria do S\u00e3o Jos\u00e9 Futsal\/Mangua\u00e7a FS anuncia o ala Dieguinho como refor\u00e7o do clube para a temporada 2018. O<\/p>\n","protected":false},"author":1,"featured_media":0,"comment_status":"closed","ping_status":"open","sticky":false,"template":"","format":"standard","meta":{"footnotes":""},"categories":[29],"tags":[42,1146,1334,2201],"class_list":["post-21408","post","type-post","status-publish","format-standard","hentry","category-interior","tag-fpfs","tag-futsal-mascuino","tag-interior","tag-sao-jose-futsal"],"_links":{"self":[{"href":"https:\/\/www.federacaopaulistadefutsal.com.br\/novo\/wp-json\/wp\/v2\/posts\/21408","targetHints":{"allow":["GET"]}}],"collection":[{"href":"https:\/\/www.federacaopaulistadefutsal.com.br\/novo\/wp-json\/wp\/v2\/posts"}],"about":[{"href":"https:\/\/www.federacaopaulistadefutsal.com.br\/novo\/wp-json\/wp\/v2\/types\/post"}],"author":[{"embeddable":true,"href":"https:\/\/www.federacaopaulistadefutsal.com.br\/novo\/wp-json\/wp\/v2\/users\/1"}],"replies":[{"embeddable":true,"href":"https:\/\/www.federacaopaulistadefutsal.com.br\/novo\/wp-json\/wp\/v2\/comments?post=21408"}],"version-history":[{"count":0,"href":"https:\/\/www.federacaopaulistadefutsal.com.br\/novo\/wp-json\/wp\/v2\/posts\/21408\/revisions"}],"wp:attachment":[{"href":"https:\/\/www.federacaopaulistadefutsal.com.br\/novo\/wp-json\/wp\/v2\/media?parent=21408"}],"wp:term":[{"taxonomy":"category","embeddable":true,"href":"https:\/\/www.federacaopaulistadefutsal.com.br\/novo\/wp-json\/wp\/v2\/categories?post=21408"},{"taxonomy":"post_tag","embeddable":true,"href":"https:\/\/www.federacaopaulistadefutsal.com.br\/novo\/wp-json\/wp\/v2\/tags?post=21408"}],"curies":[{"name":"wp","href":"https:\/\/api.w.org\/{rel}","templated":true}]}}