{"id":21431,"date":"2018-01-29T11:48:27","date_gmt":"2018-01-29T11:48:27","guid":{"rendered":"http:\/\/www.federacaopaulistadefutsal.com.br\/?p=21431"},"modified":"2018-01-29T11:48:27","modified_gmt":"2018-01-29T11:48:27","slug":"sao-jose-futsal-manguaca-fs-fecha-com-o-pivo-tuiu","status":"publish","type":"post","link":"https:\/\/www.federacaopaulistadefutsal.com.br\/novo\/sao-jose-futsal-manguaca-fs-fecha-com-o-pivo-tuiu\/","title":{"rendered":"S\u00e3o Jos\u00e9 Futsal\/Mangua\u00e7a FS fecha com o piv\u00f4 Tuiu"},"content":{"rendered":"<p style=\"text-align: left;\">No \u00faltimo s\u00e1bado (27), o S\u00e3o Jos\u00e9 Futsal\/Mangua\u00e7a FS acertou com o piv\u00f4 Tuiu, ex Yoka, que j\u00e1 integra o elenco joseense para a temporada. Esse \u00e9 o 11\u00ba refor\u00e7o da equipe, que ainda espera por novidades nos pr\u00f3ximos dias.<\/p>\n<p>Para o novo refor\u00e7o, o pensamento est\u00e1 em mostrar em quadra a confian\u00e7a que a dire\u00e7\u00e3o do S\u00e3o Jos\u00e9 depositou em sua contrata\u00e7\u00e3o.<br \/>\n\u2018\u2019Estou muito empolgado por estar vestindo essa camisa que \u00e9 t\u00e3o respeitada no Futsal Brasileiro. Espero retribuir essa confian\u00e7a depositada em mim com muito trabalho, gols e t\u00edtulos&#8221;, disse.<br \/>\nNa \u00faltima semana, o S\u00e3o Jos\u00e9 j\u00e1 havia anunciado a chegada do ala Dieguinho, com passagens por Taubat\u00e9, Barueri e Intelli.<br \/>\n<em>Informa\u00e7\u00f5es: Assessoria de imprensa S\u00e3o Jos\u00e9 Futsal\/Mangua\u00e7a FS\u00a0<\/em><br \/>\n<em>Foto: Divulga\u00e7\u00e3o<\/em><\/p>\n","protected":false},"excerpt":{"rendered":"<p>No \u00faltimo s\u00e1bado (27), o S\u00e3o Jos\u00e9 Futsal\/Mangua\u00e7a FS acertou com o piv\u00f4 Tuiu, ex Yoka, que j\u00e1 integra o<\/p>\n","protected":false},"author":1,"featured_media":21433,"comment_status":"closed","ping_status":"open","sticky":false,"template":"","format":"standard","meta":{"footnotes":""},"categories":[29,32],"tags":[648,42,1334,2201],"class_list":["post-21431","post","type-post","status-publish","format-standard","has-post-thumbnail","hentry","category-interior","category-maiores","tag-competicao","tag-fpfs","tag-interior","tag-sao-jose-futsal"],"_links":{"self":[{"href":"https:\/\/www.federacaopaulistadefutsal.com.br\/novo\/wp-json\/wp\/v2\/posts\/21431","targetHints":{"allow":["GET"]}}],"collection":[{"href":"https:\/\/www.federacaopaulistadefutsal.com.br\/novo\/wp-json\/wp\/v2\/posts"}],"about":[{"href":"https:\/\/www.federacaopaulistadefutsal.com.br\/novo\/wp-json\/wp\/v2\/types\/post"}],"author":[{"embeddable":true,"href":"https:\/\/www.federacaopaulistadefutsal.com.br\/novo\/wp-json\/wp\/v2\/users\/1"}],"replies":[{"embeddable":true,"href":"https:\/\/www.federacaopaulistadefutsal.com.br\/novo\/wp-json\/wp\/v2\/comments?post=21431"}],"version-history":[{"count":0,"href":"https:\/\/www.federacaopaulistadefutsal.com.br\/novo\/wp-json\/wp\/v2\/posts\/21431\/revisions"}],"wp:featuredmedia":[{"embeddable":true,"href":"https:\/\/www.federacaopaulistadefutsal.com.br\/novo\/wp-json\/"}],"wp:attachment":[{"href":"https:\/\/www.federacaopaulistadefutsal.com.br\/novo\/wp-json\/wp\/v2\/media?parent=21431"}],"wp:term":[{"taxonomy":"category","embeddable":true,"href":"https:\/\/www.federacaopaulistadefutsal.com.br\/novo\/wp-json\/wp\/v2\/categories?post=21431"},{"taxonomy":"post_tag","embeddable":true,"href":"https:\/\/www.federacaopaulistadefutsal.com.br\/novo\/wp-json\/wp\/v2\/tags?post=21431"}],"curies":[{"name":"wp","href":"https:\/\/api.w.org\/{rel}","templated":true}]}}