{"id":21515,"date":"2018-02-01T11:20:12","date_gmt":"2018-02-01T11:20:12","guid":{"rendered":"http:\/\/www.federacaopaulistadefutsal.com.br\/?p=21515"},"modified":"2018-02-01T11:20:12","modified_gmt":"2018-02-01T11:20:12","slug":"retrospectiva-sub-12-sao-caetano-futsal-e-campeao-da-serie-prata-a1","status":"publish","type":"post","link":"https:\/\/www.federacaopaulistadefutsal.com.br\/novo\/retrospectiva-sub-12-sao-caetano-futsal-e-campeao-da-serie-prata-a1\/","title":{"rendered":"Retrospectiva: Sub-12: S\u00e3o Caetano Futsal \u00e9 campe\u00e3o da S\u00e9rie Prata A1"},"content":{"rendered":"<p>Finalizando a rodada de finais da S\u00e9rie Prata A1, o S\u00e3o Caetano venceu de virada o time do Tabo\u00e3o da Serra e sagrou-se campe\u00e3o do Metropolitano S\u00e9rie Prata A1.<br \/>\n<strong>O Jogo<\/strong><br \/>\nNo come\u00e7o da etapa inicial, com um minuto de jogo, o CATS abriu o placar com Allan. O empate veio um minuto depois, com Guilherme Bento. A virada, aos quatro, com Yuri.<br \/>\nMais tr\u00eas gols sa\u00edram ainda na primeira etapa: o terceiro do S\u00e3o Caetano saiu aos 12, com Caio de Andrade. Atr\u00e1s no placar, os meninos do Tabo\u00e3o partiram para o ataque e conseguiram diminuir para 3 a 2 com Bruno Dias, com 16 minutos de jogo.<br \/>\nO placar se concretizou logo no inicio da segunda etapa, com Guilherme Bento anotando o quarto e o segundo nele na final. Apesar da intensidade na partida por conta do Tabo\u00e3o da Serra, o placar ficou em 4 a 2 para o S\u00e3o Caetano Futsal, campe\u00e3o da competi\u00e7\u00e3o.<\/p>\n","protected":false},"excerpt":{"rendered":"<p>Finalizando a rodada de finais da S\u00e9rie Prata A1, o S\u00e3o Caetano venceu de virada o time do Tabo\u00e3o da<\/p>\n","protected":false},"author":1,"featured_media":21517,"comment_status":"closed","ping_status":"open","sticky":false,"template":"","format":"standard","meta":{"footnotes":""},"categories":[25,33],"tags":[439,42,2193,2286,2339],"class_list":["post-21515","post","type-post","status-publish","format-standard","has-post-thumbnail","hentry","category-destaques","category-menores","tag-c-a-taboao-da-serra","tag-fpfs","tag-sao-caetano-futsal","tag-serie-prata-a1","tag-sub-12"],"_links":{"self":[{"href":"https:\/\/www.federacaopaulistadefutsal.com.br\/novo\/wp-json\/wp\/v2\/posts\/21515","targetHints":{"allow":["GET"]}}],"collection":[{"href":"https:\/\/www.federacaopaulistadefutsal.com.br\/novo\/wp-json\/wp\/v2\/posts"}],"about":[{"href":"https:\/\/www.federacaopaulistadefutsal.com.br\/novo\/wp-json\/wp\/v2\/types\/post"}],"author":[{"embeddable":true,"href":"https:\/\/www.federacaopaulistadefutsal.com.br\/novo\/wp-json\/wp\/v2\/users\/1"}],"replies":[{"embeddable":true,"href":"https:\/\/www.federacaopaulistadefutsal.com.br\/novo\/wp-json\/wp\/v2\/comments?post=21515"}],"version-history":[{"count":0,"href":"https:\/\/www.federacaopaulistadefutsal.com.br\/novo\/wp-json\/wp\/v2\/posts\/21515\/revisions"}],"wp:featuredmedia":[{"embeddable":true,"href":"https:\/\/www.federacaopaulistadefutsal.com.br\/novo\/wp-json\/"}],"wp:attachment":[{"href":"https:\/\/www.federacaopaulistadefutsal.com.br\/novo\/wp-json\/wp\/v2\/media?parent=21515"}],"wp:term":[{"taxonomy":"category","embeddable":true,"href":"https:\/\/www.federacaopaulistadefutsal.com.br\/novo\/wp-json\/wp\/v2\/categories?post=21515"},{"taxonomy":"post_tag","embeddable":true,"href":"https:\/\/www.federacaopaulistadefutsal.com.br\/novo\/wp-json\/wp\/v2\/tags?post=21515"}],"curies":[{"name":"wp","href":"https:\/\/api.w.org\/{rel}","templated":true}]}}