{"id":21539,"date":"2018-02-02T11:44:24","date_gmt":"2018-02-02T11:44:24","guid":{"rendered":"http:\/\/www.federacaopaulistadefutsal.com.br\/?p=21539"},"modified":"2018-02-02T11:44:24","modified_gmt":"2018-02-02T11:44:24","slug":"ressaca-fib-confirma-participacao-em-competicao-regional","status":"publish","type":"post","link":"https:\/\/www.federacaopaulistadefutsal.com.br\/novo\/ressaca-fib-confirma-participacao-em-competicao-regional\/","title":{"rendered":"Ressaca\/FIB confirma participa\u00e7\u00e3o em competi\u00e7\u00e3o regional"},"content":{"rendered":"<p>Depois de promover avalia\u00e7\u00f5es para a forma\u00e7\u00e3o das equipes menores, o Ressaca Futebol Clube, que segue com a parceria com a Associa\u00e7\u00e3o Atl\u00e9tica FIB para a disputa das competi\u00e7\u00f5es de base, como a disputa do Estadual, organizado pela FPFS, o time do interior confirmou presen\u00e7a na 20\u00aa Copa &#8220;Alcides Mattiuzzi&#8221; de Futsal Regional.<br \/>\nOs bauruenses participar\u00e3o da competi\u00e7\u00e3o, uma das mais tradicionais da modalidade na regi\u00e3o centro-oeste do Estado de S\u00e3o Paulo, em tr\u00eas categorias: Sub-10; Sub-12 e Sub-14. Os jogos acontecem a partir de mar\u00e7o, no munic\u00edpio de Mar\u00edlia.<br \/>\n&#8220;Um torneio que \u00e9 realizado h\u00e1 duas d\u00e9cadas tem, sem d\u00favidas, uma enorme representatividade e, pela tradi\u00e7\u00e3o desta copa, sabemos que teremos grandes advers\u00e1rios pela frente, mas estamos trabalhando para fazer uma grande participa\u00e7\u00e3o&#8221;, disse Alexandre Previdello Xandele, coordenador do Ressaca Futebol Clube.<br \/>\nAl\u00e9m das tr\u00eas categorias j\u00e1 confirmadas, o Ressaca\/FIB tamb\u00e9m dever\u00e1 participar\u00a0 com a equipe Sub-16. &#8220;Ainda estamos aguardando a divulga\u00e7\u00e3o das diretrizes para essa categoria&#8221;, informou Alexandre Previdello Xandele.<br \/>\n<em>Informa\u00e7\u00f5es: Assessoria de imprensa A.A.FIB.<\/em><br \/>\n<em>Foto: Assessoria de imprensa A.A. FIB\/Divulga\u00e7\u00e3o.<\/em><\/p>\n","protected":false},"excerpt":{"rendered":"<p>Depois de promover avalia\u00e7\u00f5es para a forma\u00e7\u00e3o das equipes menores, o Ressaca Futebol Clube, que segue com a parceria com<\/p>\n","protected":false},"author":1,"featured_media":21540,"comment_status":"closed","ping_status":"open","sticky":false,"template":"","format":"standard","meta":{"footnotes":""},"categories":[29,33],"tags":[99,41,653,42],"class_list":["post-21539","post","type-post","status-publish","format-standard","has-post-thumbnail","hentry","category-interior","category-menores","tag-a-a-fib","tag-categorias-menores","tag-competicoes","tag-fpfs"],"_links":{"self":[{"href":"https:\/\/www.federacaopaulistadefutsal.com.br\/novo\/wp-json\/wp\/v2\/posts\/21539","targetHints":{"allow":["GET"]}}],"collection":[{"href":"https:\/\/www.federacaopaulistadefutsal.com.br\/novo\/wp-json\/wp\/v2\/posts"}],"about":[{"href":"https:\/\/www.federacaopaulistadefutsal.com.br\/novo\/wp-json\/wp\/v2\/types\/post"}],"author":[{"embeddable":true,"href":"https:\/\/www.federacaopaulistadefutsal.com.br\/novo\/wp-json\/wp\/v2\/users\/1"}],"replies":[{"embeddable":true,"href":"https:\/\/www.federacaopaulistadefutsal.com.br\/novo\/wp-json\/wp\/v2\/comments?post=21539"}],"version-history":[{"count":0,"href":"https:\/\/www.federacaopaulistadefutsal.com.br\/novo\/wp-json\/wp\/v2\/posts\/21539\/revisions"}],"wp:featuredmedia":[{"embeddable":true,"href":"https:\/\/www.federacaopaulistadefutsal.com.br\/novo\/wp-json\/"}],"wp:attachment":[{"href":"https:\/\/www.federacaopaulistadefutsal.com.br\/novo\/wp-json\/wp\/v2\/media?parent=21539"}],"wp:term":[{"taxonomy":"category","embeddable":true,"href":"https:\/\/www.federacaopaulistadefutsal.com.br\/novo\/wp-json\/wp\/v2\/categories?post=21539"},{"taxonomy":"post_tag","embeddable":true,"href":"https:\/\/www.federacaopaulistadefutsal.com.br\/novo\/wp-json\/wp\/v2\/tags?post=21539"}],"curies":[{"name":"wp","href":"https:\/\/api.w.org\/{rel}","templated":true}]}}