{"id":21571,"date":"2018-02-03T21:17:45","date_gmt":"2018-02-03T21:17:45","guid":{"rendered":"http:\/\/www.federacaopaulistadefutsal.com.br\/?p=21571"},"modified":"2018-02-03T21:17:45","modified_gmt":"2018-02-03T21:17:45","slug":"brasil-supera-a-republica-tcheca-e-chega-a-final-com-100","status":"publish","type":"post","link":"https:\/\/www.federacaopaulistadefutsal.com.br\/novo\/brasil-supera-a-republica-tcheca-e-chega-a-final-com-100\/","title":{"rendered":"Brasil supera a Rep\u00fablica Tcheca e chega \u00e0 final com 100% de aproveitamento"},"content":{"rendered":"<p>A Sele\u00e7\u00e3o Brasileira de Futsal superou a Rep\u00fablica Tcheca em duelo de pr\u00e9via da final do Grand Prix, na manh\u00e3 deste s\u00e1bado (3), em Brusque, Santa Catarina. O confronto terminou em 9 a 4 para os brasileiros.<br \/>\nCom o resultado, o Brasil termina a fase de classifica\u00e7\u00e3o como a \u00fanica sele\u00e7\u00e3o com 100% de aproveitamento. A Rep\u00fablica Tcheca ficou em segundo, tendo apenas a derrota para os brasileiros. Agora, o novo encontro ocorre no domingo (4), a partir das 10h &#8211; hor\u00e1rio de Bras\u00edlia.<br \/>\nDrozd,\u00a0Seidler (3) anotaram os quatro gols para os estrangeiros; Ferr\u00e3o (2), Dieguinho (2), Falc\u00e3o (2),\u00a0Marcel, Rodrigo e L\u00e9o Santana garantiram a vit\u00f3ria para os finalistas.<br \/>\n<em>Informa\u00e7\u00f5es: Assessoria de imprensa CBFS<\/em><br \/>\n<em>Foto:\u00a0Ricardo Artifon\/CBFS<\/em><\/p>\n","protected":false},"excerpt":{"rendered":"<p>A Sele\u00e7\u00e3o Brasileira de Futsal superou a Rep\u00fablica Tcheca em duelo de pr\u00e9via da final do Grand Prix, na manh\u00e3<\/p>\n","protected":false},"author":1,"featured_media":21573,"comment_status":"closed","ping_status":"open","sticky":false,"template":"","format":"standard","meta":{"footnotes":""},"categories":[25,32,35],"tags":[563,42,1214,2240],"class_list":["post-21571","post","type-post","status-publish","format-standard","has-post-thumbnail","hentry","category-destaques","category-maiores","category-selecao","tag-cbfs","tag-fpfs","tag-grand-prix","tag-selecao-brasileira"],"_links":{"self":[{"href":"https:\/\/www.federacaopaulistadefutsal.com.br\/novo\/wp-json\/wp\/v2\/posts\/21571","targetHints":{"allow":["GET"]}}],"collection":[{"href":"https:\/\/www.federacaopaulistadefutsal.com.br\/novo\/wp-json\/wp\/v2\/posts"}],"about":[{"href":"https:\/\/www.federacaopaulistadefutsal.com.br\/novo\/wp-json\/wp\/v2\/types\/post"}],"author":[{"embeddable":true,"href":"https:\/\/www.federacaopaulistadefutsal.com.br\/novo\/wp-json\/wp\/v2\/users\/1"}],"replies":[{"embeddable":true,"href":"https:\/\/www.federacaopaulistadefutsal.com.br\/novo\/wp-json\/wp\/v2\/comments?post=21571"}],"version-history":[{"count":0,"href":"https:\/\/www.federacaopaulistadefutsal.com.br\/novo\/wp-json\/wp\/v2\/posts\/21571\/revisions"}],"wp:featuredmedia":[{"embeddable":true,"href":"https:\/\/www.federacaopaulistadefutsal.com.br\/novo\/wp-json\/"}],"wp:attachment":[{"href":"https:\/\/www.federacaopaulistadefutsal.com.br\/novo\/wp-json\/wp\/v2\/media?parent=21571"}],"wp:term":[{"taxonomy":"category","embeddable":true,"href":"https:\/\/www.federacaopaulistadefutsal.com.br\/novo\/wp-json\/wp\/v2\/categories?post=21571"},{"taxonomy":"post_tag","embeddable":true,"href":"https:\/\/www.federacaopaulistadefutsal.com.br\/novo\/wp-json\/wp\/v2\/tags?post=21571"}],"curies":[{"name":"wp","href":"https:\/\/api.w.org\/{rel}","templated":true}]}}