{"id":21798,"date":"2018-02-16T21:57:11","date_gmt":"2018-02-16T21:57:11","guid":{"rendered":"http:\/\/www.federacaopaulistadefutsal.com.br\/?p=21798"},"modified":"2018-02-16T21:57:11","modified_gmt":"2018-02-16T21:57:11","slug":"retrospectiva-o-que-vale-e-isso-essa-lembranca-que-o-presidente-romao-fez-para-todos-os-ex-jogadores-ressalta-douglas-pierroti","status":"publish","type":"post","link":"https:\/\/www.federacaopaulistadefutsal.com.br\/novo\/retrospectiva-o-que-vale-e-isso-essa-lembranca-que-o-presidente-romao-fez-para-todos-os-ex-jogadores-ressalta-douglas-pierroti\/","title":{"rendered":"Retrospectiva: &quot;O que vale \u00e9 isso, essa lembran\u00e7a que o presidente Rom\u00e3o fez para todos os ex-jogadores&quot;, ressalta Douglas Pierroti"},"content":{"rendered":"<p>Entre os in\u00fameros ex-jogadores da &#8220;Gera\u00e7\u00e3o Bola Pesada&#8221; que foram homenageados no <a href=\"http:\/\/www.federacaopaulistadefutsal.com.br\/destaques\/fpfs-homenageia-ex-jogadores-da-geracao-bola-pesada-na-assembleia-legislativa-do-estado-de-sao-paulo\/\">Ato Solete,<\/a>\u00a0na Assembleia Legislativa do Estado do S\u00e3o Paulo, estava o ex-piv\u00f4 Douglas Pierroti (foto &#8211; \u00faltimo da direita).<br \/>\nNascido na capital paulista, o ex-piv\u00f4 come\u00e7ou sua carreira aos 12 anos, atuando pelo Palmeiras. Ainda no juvenil, tamb\u00e9m passou pela Associa\u00e7\u00e3o Atl\u00e9tico\u00a0Banco\u00a0do Brasil, equipe na qual o atleta tamb\u00e9m se profissionalizou.<br \/>\nDouglas Pierroti tamb\u00e9m jogou pelo Gercan, onde o esportista viveu a melhor fase de sua carreira. Entre diversas conquistas na equipe paulistana, est\u00e3o quatro Campeonatos Paulistas, um Campeonato Metropolitano e uma Copa Continental. O ex-piv\u00f4 rodou tamb\u00e9m pelas equipes da Denora, Marvel, Santos, Corinthians e Uninove, se aposentando das quadras em 98.<br \/>\nLonge da parte interna das quatro linhas, atualmente Pierroti atua do lado de fora, como auxiliar t\u00e9cnico do Magnus Futsal, de Sorocaba. Entre as conquistas que o ex-jogador tem no curr\u00edculo, ser homenageado e lembrado por ser pe\u00e7a importante para a modalidade, sem d\u00favida est\u00e1 entre as maiores conquistas do ex-atleta.<br \/>\n\u201cHomenagem como essa tem que ser feita em vida, e quando isso acontece, como agora, a gente fica muito contente\u201d, disse. Contente com o momento, Pierroti lembra que atos como esse deveriam acontecer com mais frequ\u00eancia n\u00e3o s\u00f3 nas quadras, mas tamb\u00e9m em outras modalidades.<br \/>\n\u201cN\u00e3o s\u00f3 no futebol de sal\u00e3o, mas em todas as modalidades faltam mais homenagens como essa. O que vale \u00e9 isso, essa lembran\u00e7a que o presidente Rom\u00e3o fez para todos os ex-jogadores de futebol de sal\u00e3o\u201d, ressalta o ex-piv\u00f4.<br \/>\n<em>Fotos: S.A Films &amp; Photography<\/em><\/p>\n","protected":false},"excerpt":{"rendered":"<p>Entre os in\u00fameros ex-jogadores da &#8220;Gera\u00e7\u00e3o Bola Pesada&#8221; que foram homenageados no Ato Solete,\u00a0na Assembleia Legislativa do Estado do S\u00e3o<\/p>\n","protected":false},"author":1,"featured_media":21800,"comment_status":"closed","ping_status":"open","sticky":false,"template":"","format":"standard","meta":{"footnotes":""},"categories":[25],"tags":[314,1003,1269,1571],"class_list":["post-21798","post","type-post","status-publish","format-standard","has-post-thumbnail","hentry","category-destaques","tag-ato-solene","tag-ex-jogador","tag-homenagem","tag-magnus-futsal"],"_links":{"self":[{"href":"https:\/\/www.federacaopaulistadefutsal.com.br\/novo\/wp-json\/wp\/v2\/posts\/21798","targetHints":{"allow":["GET"]}}],"collection":[{"href":"https:\/\/www.federacaopaulistadefutsal.com.br\/novo\/wp-json\/wp\/v2\/posts"}],"about":[{"href":"https:\/\/www.federacaopaulistadefutsal.com.br\/novo\/wp-json\/wp\/v2\/types\/post"}],"author":[{"embeddable":true,"href":"https:\/\/www.federacaopaulistadefutsal.com.br\/novo\/wp-json\/wp\/v2\/users\/1"}],"replies":[{"embeddable":true,"href":"https:\/\/www.federacaopaulistadefutsal.com.br\/novo\/wp-json\/wp\/v2\/comments?post=21798"}],"version-history":[{"count":0,"href":"https:\/\/www.federacaopaulistadefutsal.com.br\/novo\/wp-json\/wp\/v2\/posts\/21798\/revisions"}],"wp:featuredmedia":[{"embeddable":true,"href":"https:\/\/www.federacaopaulistadefutsal.com.br\/novo\/wp-json\/"}],"wp:attachment":[{"href":"https:\/\/www.federacaopaulistadefutsal.com.br\/novo\/wp-json\/wp\/v2\/media?parent=21798"}],"wp:term":[{"taxonomy":"category","embeddable":true,"href":"https:\/\/www.federacaopaulistadefutsal.com.br\/novo\/wp-json\/wp\/v2\/categories?post=21798"},{"taxonomy":"post_tag","embeddable":true,"href":"https:\/\/www.federacaopaulistadefutsal.com.br\/novo\/wp-json\/wp\/v2\/tags?post=21798"}],"curies":[{"name":"wp","href":"https:\/\/api.w.org\/{rel}","templated":true}]}}